{"id":15236,"date":"2026-03-13T12:43:33","date_gmt":"2026-03-13T15:43:33","guid":{"rendered":"http:\/\/www.eam.iua.edu.ar\/eam\/?p=15236"},"modified":"2026-03-30T09:43:37","modified_gmt":"2026-03-30T12:43:37","slug":"convocatoria-de-concurso-profesor-a-de-nivel-universitario-condicional","status":"publish","type":"post","link":"http:\/\/www.eam.iua.edu.ar\/eam\/convocatoria-de-concurso-profesor-a-de-nivel-universitario-condicional\/","title":{"rendered":"CONVOCATORIA DE CONCURSO: SECRETAR\u00cdA ACAD\u00c9MICA &#8211; TITULAR PERMANENTE \u00abCONDICIONAL\u00bb"},"content":{"rendered":"<p>[vc_row][vc_column][vc_column_text][\/vc_column_text][\/vc_column][\/vc_row][vc_row][vc_column][vc_column_text css=\u00bb.vc_custom_1774626824009{padding-right: 2em !important;}\u00bb]-\u00a0 \u00a0 \u00a0 \u00a0 \u00a0 \u00a0 \u00a0 \u00a0 \u00a0 Se lleva a conocimiento al p\u00fablico en general, que la Escuela de Aviaci\u00f3n Militar realizar\u00e1 una convocatoria para Concurso Docente para cubrir UN (01) cargo de Profesor\/a Asesor\/a de Nivel Universitario con car\u00e1cter Titular Permanente \u00abCondicional\u00bb, quien obtenga el primer lugar en la orden de m\u00e9rito y UN (01) cargo de Profesor\/a de Nivel Universitario con car\u00e1cter Titular Permanente \u201cCondicional\u201d, quien obtenga el segundo lugar en la orden de m\u00e9rito, ambos cargos con CINCO (05) horas semanales, para planificar y desarrollar la ense\u00f1anza en los Cursos de Capacitaci\u00f3n para la Instrucci\u00f3n Militar y el dictado de los M\u00f3dulos de la formaci\u00f3n pedag\u00f3gica en la Secretar\u00eda Acad\u00e9mica.[\/vc_column_text][vc_empty_space][vc_row_inner][vc_column_inner width=\u00bb1\/4&#8243;]<span class=\"sc_icon icon-calendar-light aligncenter\" style=\"font-size:2em; line-height: 1em;\"><\/span>[\/vc_column_inner][vc_column_inner width=\u00bb3\/4&#8243;][vc_empty_space][vc_column_text]FECHA DE INSCRIPCI\u00d3N: 16 MAR 26 al 09 ABR 26, ambas fechas inclusive, ambas fechas inclusive, a trav\u00e9s del siguiente link:<br \/>\n<a href=\"https:\/\/forms.gle\/rrGA1setseb1tYbh9\">https:\/\/forms.gle\/rrGA1setseb1tYbh9<\/a>[\/vc_column_text][\/vc_column_inner][\/vc_row_inner][vc_row_inner][vc_column_inner width=\u00bb1\/4&#8243;]<span class=\"sc_icon icon-graduation-light aligncenter\" style=\"font-size:2em; line-height: 1em;\"><\/span>[\/vc_column_inner][vc_column_inner width=\u00bb3\/4&#8243;][vc_column_text]PERFIL DEL PROFESIONAL RELACIONADO CON EL CONCURSO:<\/p>\n<div align=\"justify\"><span style=\"font-size: medium;\"><span lang=\"es\">Deber\u00e1 acreditar T\u00edtulo de Nivel Universitario en:<\/span><\/span><\/div>\n<div align=\"justify\"><span style=\"font-size: medium;\"><span lang=\"es\">a)<\/span><\/span><span style=\"font-size: medium;\"><span lang=\"es\">\u00a0\u00a0\u00a0\u00a0\u00a0\u00a0\u00a0\u00a0 <\/span><\/span><span style=\"font-size: medium;\"><span lang=\"es\">Reglamentario:<\/span><\/span><\/div>\n<div align=\"justify\"><span style=\"font-size: medium;\"><span lang=\"es\">\u00a0\u00a0\u00a0\u00a0\u00a0\u00a0\u00a0\u00a0\u00a0\u00a0\u00a0 <\/span><\/span><span style=\"font-size: medium;\"><span lang=\"es\">1\u00ba)<\/span><\/span><span style=\"font-size: medium;\"><span lang=\"es\">\u00a0\u00a0\u00a0\u00a0\u00a0\u00a0 <\/span><\/span><span style=\"font-size: medium;\"><span lang=\"es\">T\u00edtulo de Nivel Universitario de instituciones oficialmente reconocidas como Profesor y\/o Licenciado en: Pedagog\u00eda, Educaci\u00f3n o Ciencias de la Educaci\u00f3n, Educaci\u00f3n Superior.<\/span><\/span><span style=\"font-size: medium;\"><span lang=\"es\">\u00a0 <\/span><\/span><span style=\"font-size: medium;\"><span lang=\"es\">(Excluyente).<\/span><\/span><\/div>\n<p>[\/vc_column_text][vc_empty_space][\/vc_column_inner][\/vc_row_inner][vc_row_inner][vc_column_inner width=\u00bb1\/4&#8243;]<span class=\"sc_icon icon-file-pdf aligncenter\" style=\"font-size:2em; line-height: 1em;\"><\/span>[\/vc_column_inner][vc_column_inner width=\u00bb3\/4&#8243;][vc_column_text]<\/p>\n<p style=\"text-align: center;\"><strong>DESCARGAR<\/strong>: <a href=\"http:\/\/www.eam.iua.edu.ar\/eam\/wp-content\/uploads\/2026\/03\/O.G-N\u00b007-CONCURSO-DOC.-2-CARGOS-CINCO-05-HS.pdf\">BASES DE LA CONVOCATORIA<\/a><\/p>\n<p style=\"text-align: center;\"><strong>DESCARGAR<\/strong>: <a href=\"http:\/\/www.eam.iua.edu.ar\/eam\/wp-content\/uploads\/2026\/02\/MODELO-CV-SELECCION-DOCENTE.docx\">MODELO DE CV<\/a><\/p>\n<p>[\/vc_column_text][vc_empty_space][\/vc_column_inner][\/vc_row_inner][vc_row_inner][vc_column_inner width=\u00bb1\/4&#8243;]<span class=\"sc_icon icon-mail-light aligncenter\" style=\"font-size:2em; line-height: 1em;\"><\/span>[\/vc_column_inner][vc_column_inner width=\u00bb3\/4&#8243;][vc_column_text]<\/p>\n<p style=\"text-align: center;\"><strong>EMAIL:<\/strong> <a href=\"mailto:selecciondocente@eam.iua.edu.ar\">selecciondocente@eam.iua.edu.ar<\/a><\/p>\n<p>[\/vc_column_text][vc_empty_space][\/vc_column_inner][\/vc_row_inner][\/vc_column][\/vc_row][vc_row][vc_column][vc_empty_space][vc_empty_space][\/vc_column][\/vc_row]<\/p>\n","protected":false},"excerpt":{"rendered":"<p>[vc_row][vc_column][vc_column_text][\/vc_column_text][\/vc_column][\/vc_row][vc_row][vc_column][vc_column_text css=\u00bb.vc_custom_1774626824009{padding-right: 2em !important;}\u00bb]-\u00a0 \u00a0 \u00a0 \u00a0 \u00a0 \u00a0 \u00a0 \u00a0 \u00a0 Se lleva a conocimiento al p\u00fablico en general, que la Escuela de Aviaci\u00f3n Militar realizar\u00e1 una convocatoria para Concurso Docente para cubrir UN (01) cargo de Profesor\/a Asesor\/a de Nivel Universitario con car\u00e1cter Titular Permanente \u00abCondicional\u00bb, quien obtenga el primer lugar en la [&hellip;]<\/p>\n","protected":false},"author":1,"featured_media":15273,"comment_status":"closed","ping_status":"closed","sticky":false,"template":"","format":"standard","meta":{"_joinchat":[],"footnotes":""},"categories":[2995],"tags":[],"class_list":["post-15236","post","type-post","status-publish","format-standard","has-post-thumbnail","hentry","category-noticias-2"],"_links":{"self":[{"href":"http:\/\/www.eam.iua.edu.ar\/eam\/wp-json\/wp\/v2\/posts\/15236","targetHints":{"allow":["GET"]}}],"collection":[{"href":"http:\/\/www.eam.iua.edu.ar\/eam\/wp-json\/wp\/v2\/posts"}],"about":[{"href":"http:\/\/www.eam.iua.edu.ar\/eam\/wp-json\/wp\/v2\/types\/post"}],"author":[{"embeddable":true,"href":"http:\/\/www.eam.iua.edu.ar\/eam\/wp-json\/wp\/v2\/users\/1"}],"replies":[{"embeddable":true,"href":"http:\/\/www.eam.iua.edu.ar\/eam\/wp-json\/wp\/v2\/comments?post=15236"}],"version-history":[{"count":3,"href":"http:\/\/www.eam.iua.edu.ar\/eam\/wp-json\/wp\/v2\/posts\/15236\/revisions"}],"predecessor-version":[{"id":15272,"href":"http:\/\/www.eam.iua.edu.ar\/eam\/wp-json\/wp\/v2\/posts\/15236\/revisions\/15272"}],"wp:featuredmedia":[{"embeddable":true,"href":"http:\/\/www.eam.iua.edu.ar\/eam\/wp-json\/wp\/v2\/media\/15273"}],"wp:attachment":[{"href":"http:\/\/www.eam.iua.edu.ar\/eam\/wp-json\/wp\/v2\/media?parent=15236"}],"wp:term":[{"taxonomy":"category","embeddable":true,"href":"http:\/\/www.eam.iua.edu.ar\/eam\/wp-json\/wp\/v2\/categories?post=15236"},{"taxonomy":"post_tag","embeddable":true,"href":"http:\/\/www.eam.iua.edu.ar\/eam\/wp-json\/wp\/v2\/tags?post=15236"}],"curies":[{"name":"wp","href":"https:\/\/api.w.org\/{rel}","templated":true}]}}