{"id":15241,"date":"2026-03-18T11:36:28","date_gmt":"2026-03-18T14:36:28","guid":{"rendered":"http:\/\/www.eam.iua.edu.ar\/eam\/?p=15241"},"modified":"2026-03-18T11:36:28","modified_gmt":"2026-03-18T14:36:28","slug":"entrega-de-brevet-y-egreso-del-curso-de-aviador-militar","status":"publish","type":"post","link":"http:\/\/www.eam.iua.edu.ar\/eam\/entrega-de-brevet-y-egreso-del-curso-de-aviador-militar\/","title":{"rendered":"Entrega de Brevet y Egreso del Curso de Aviador Militar"},"content":{"rendered":"<p>[vc_row][vc_column][vc_column_text]<\/p>\n<p align=\"justify\">La Escuela de Aviaci\u00f3n Militar fue testigo de una de las ceremonias m\u00e1s importantes que se viven en nuestra instituci\u00f3n, la imposici\u00f3n de brevets y el egreso de los j\u00f3venes oficiales que se convierten en Aviadores Militares de la Fuerza A\u00e9rea Argentina. Luego de superar diversas y exigentes instancias te\u00f3ricas y pr\u00e1cticas, 16 alf\u00e9reces de la Fuerza A\u00e9rea recibieron su tan esperado brevet que los distingue como Aviadores Militares.<\/p>\n<p align=\"justify\">En esta oportunidad, el Vicecomodoro Gast\u00f3n Costantino, Jefe del Escuadr\u00f3n Instrucci\u00f3n A\u00e9rea I, se dirigi\u00f3 a los oficiales con palabras que destacan la importancia de su uso: <strong>\u201cA partir de hoy, lo portar\u00e1n en su pecho izquierdo, del lado del coraz\u00f3n, como muestra del compromiso, el valor y la lealtad del Aviador hacia la Patria\u201d.<\/strong><\/p>\n<p>[\/vc_column_text][\/vc_column][\/vc_row][vc_row][vc_column][vc_empty_space height=\u00bb20px\u00bb][\/vc_column][\/vc_row][vc_row][vc_column][vc_gallery type=\u00bbimage_grid\u00bb images=\u00bb15242,15243,15247,15244,15245,15246,15248,15249,15250,15251,15252&#8243;][\/vc_column][\/vc_row][vc_row][vc_column][vc_empty_space height=\u00bb25px\u00bb][\/vc_column][\/vc_row][vc_row][vc_column][vc_column_text]<\/p>\n<p align=\"justify\">Como corolario de tan destacado momento, se realiz\u00f3 una ceremonia en las instalaciones del Cuerpo de Cadetes de la E.A.M.<br \/>\nLa ceremonia fue presidida por el Jefe de Estado Mayor General de la Fuerza A\u00e9rea Argentina, Brigadier Mayor Gustavo Javier Valverde, quien estuvo acompa\u00f1ado por el Subjefe de Estado Mayor General de la F.A.A, Brigadier Marcelo Jos\u00e9 Monetto y el Director de la Escuela de Aviaci\u00f3n Militar, Brigadier Hugo Marcelo Fiocca.<\/p>\n<p align=\"justify\">Participaron adem\u00e1s destacadas autoridades en actividad y en situaci\u00f3n de retiro de la Fuerza A\u00e9rea Argentina, jefes de unidades y organismos de la Guarnici\u00f3n A\u00e9rea C\u00f3rdoba, Veteranos de la Guerra de Malvinas, Personal Militar Superior, Subalterno, Civil y Docente, familiares e invitados especiales.<\/p>\n<p align=\"justify\">Luego de la invocaci\u00f3n religiosa y bendici\u00f3n de despachos impartida por el Capell\u00e1n de la Escuela de Suboficiales de la Fuerza A\u00e9rea C\u00f3rdoba, Padre Claudio Boffi; el Brigadier Hugo Marcelo Fiocca pronunci\u00f3 un discurso alusivo a tan destacado momento en la carrera de los j\u00f3venes oficiales. <strong>\u201cSi bien falta un largo camino por recorrer, hoy han establecido un nuevo hito en sus carreras; posteriormente, continuar\u00e1n con tensi\u00f3n y dedicaci\u00f3n un futuro en donde el adiestramiento les permitir\u00e1 adquirir las aptitudes y capacidades necesarias como aviadores en sus especialidades avanzadas\u201d.<\/strong><\/p>\n<p align=\"justify\">La ceremonia continu\u00f3 con la lectura de las \u00f3rdenes de egreso y entrega de premios para los oficiales que se destacaron durante el curso. El Brigadier Mayor Gustavo Javier Valverde entreg\u00f3 el despacho y el premio a quien obtuvo el primer promedio, el Alf\u00e9rez Le\u00f3n Nazareno Limeres.<br \/>\nAdem\u00e1s, el Jefe de Estado Mayor General de la Fuerza A\u00e9rea Argentina pronunci\u00f3 unas emotivas palabras para recibir a \u201c16 nuevos j\u00f3venes que pasan a integrar las filas de los Aviadores Militares que tiene la Fuerza A\u00e9rea\u201d.<\/p>\n<p align=\"justify\"><strong>\u201cEl \u00e9xito de cada uno de ustedes depende del esfuerzo personal de cada uno [&#8230;] Capac\u00edtense permanentemente, la Fuerza A\u00e9rea los necesita profesionales porque en la Fuerza A\u00e9rea somos responsables de la defensa aeroespacial y somos responsables de cuidar nuestro territorio, de cuidar a nuestros ciudadanos\u201d. <\/strong><\/p>\n<p align=\"justify\">Para finalizar la ceremonia, la Banda Militar de M\u00fasica \u201cBautismo de Fuego\u201d, perteneciente a la Escuela de Aviaci\u00f3n Militar ejecut\u00f3 la marcha que nos representa y entonaron todos los presentes, la marcha Alas Argentinas.<\/p>\n<p>[\/vc_column_text][\/vc_column][\/vc_row][vc_row][vc_column][vc_empty_space height=\u00bb30px\u00bb][\/vc_column][\/vc_row][vc_row][vc_column][vc_gallery type=\u00bbimage_grid\u00bb images=\u00bb15256,15255,15267,15263,15262,15261,15260,15257,15253,15254,15258,15259,15264,15265,15266&#8243;][\/vc_column][\/vc_row]<\/p>\n","protected":false},"excerpt":{"rendered":"<p>[vc_row][vc_column][vc_column_text] La Escuela de Aviaci\u00f3n Militar fue testigo de una de las ceremonias m\u00e1s importantes que se viven en nuestra instituci\u00f3n, la imposici\u00f3n de brevets y el egreso de los j\u00f3venes oficiales que se convierten en Aviadores Militares de la Fuerza A\u00e9rea Argentina. Luego de superar diversas y exigentes instancias te\u00f3ricas y pr\u00e1cticas, 16 alf\u00e9reces [&hellip;]<\/p>\n","protected":false},"author":5,"featured_media":15254,"comment_status":"closed","ping_status":"closed","sticky":false,"template":"","format":"standard","meta":{"_joinchat":[],"footnotes":""},"categories":[2995],"tags":[122,95,139,874,1890,1259,1420],"class_list":["post-15241","post","type-post","status-publish","format-standard","has-post-thumbnail","hentry","category-noticias-2","tag-ceremonias","tag-eam","tag-egreso","tag-escuela-de-aviacion","tag-escuela-de-aviacion-militar","tag-fuerza-aerea-argentina","tag-grupo-aereo-escuela"],"_links":{"self":[{"href":"http:\/\/www.eam.iua.edu.ar\/eam\/wp-json\/wp\/v2\/posts\/15241","targetHints":{"allow":["GET"]}}],"collection":[{"href":"http:\/\/www.eam.iua.edu.ar\/eam\/wp-json\/wp\/v2\/posts"}],"about":[{"href":"http:\/\/www.eam.iua.edu.ar\/eam\/wp-json\/wp\/v2\/types\/post"}],"author":[{"embeddable":true,"href":"http:\/\/www.eam.iua.edu.ar\/eam\/wp-json\/wp\/v2\/users\/5"}],"replies":[{"embeddable":true,"href":"http:\/\/www.eam.iua.edu.ar\/eam\/wp-json\/wp\/v2\/comments?post=15241"}],"version-history":[{"count":2,"href":"http:\/\/www.eam.iua.edu.ar\/eam\/wp-json\/wp\/v2\/posts\/15241\/revisions"}],"predecessor-version":[{"id":15269,"href":"http:\/\/www.eam.iua.edu.ar\/eam\/wp-json\/wp\/v2\/posts\/15241\/revisions\/15269"}],"wp:featuredmedia":[{"embeddable":true,"href":"http:\/\/www.eam.iua.edu.ar\/eam\/wp-json\/wp\/v2\/media\/15254"}],"wp:attachment":[{"href":"http:\/\/www.eam.iua.edu.ar\/eam\/wp-json\/wp\/v2\/media?parent=15241"}],"wp:term":[{"taxonomy":"category","embeddable":true,"href":"http:\/\/www.eam.iua.edu.ar\/eam\/wp-json\/wp\/v2\/categories?post=15241"},{"taxonomy":"post_tag","embeddable":true,"href":"http:\/\/www.eam.iua.edu.ar\/eam\/wp-json\/wp\/v2\/tags?post=15241"}],"curies":[{"name":"wp","href":"https:\/\/api.w.org\/{rel}","templated":true}]}}