{"id":15334,"date":"2026-04-22T13:58:38","date_gmt":"2026-04-22T16:58:38","guid":{"rendered":"http:\/\/www.eam.iua.edu.ar\/eam\/?p=15334"},"modified":"2026-04-22T13:58:38","modified_gmt":"2026-04-22T16:58:38","slug":"convocatoria-de-concurso-profesor-a-de-nivel-universitario-historia-politica-contemporanea","status":"publish","type":"post","link":"http:\/\/www.eam.iua.edu.ar\/eam\/convocatoria-de-concurso-profesor-a-de-nivel-universitario-historia-politica-contemporanea\/","title":{"rendered":"Convocatoria de Concurso: Profesor\/a de Nivel Universitario &#8211; Historia Pol\u00edtica Contempor\u00e1nea"},"content":{"rendered":"<p>[vc_row][vc_column][vc_column_text][\/vc_column_text][\/vc_column][\/vc_row][vc_row][vc_column][vc_column_text css=\u00bb.vc_custom_1776868071072{padding-right: 2em !important;}\u00bb]Se lleva a conocimiento al p\u00fablico en general, que la Escuela de Aviaci\u00f3n Militar realizar\u00e1 una convocatoria para Concurso Docente a efectos de cubrir<strong> UN (01) cargo<\/strong>, de <strong>Profesor de Nivel Universitario con car\u00e1cter Titular Interino, de CINCO (05) horas semanales<\/strong>, para cumplir funciones en la asignatura <strong>\u201cHistoria Pol\u00edtica Contempor\u00e1nea:<\/strong> Argentina en el contexto internacional\u201d perteneciente al \u00e1rea Recursos Doctrinarios de la Conducci\u00f3n Militar, para el per\u00edodo comprendido desde el 01 JUL 26 hasta el 31 DIC 26.[\/vc_column_text][vc_empty_space][vc_row_inner][vc_column_inner width=\u00bb1\/4&#8243;]<span class=\"sc_icon icon-calendar-light aligncenter\" style=\"font-size:2em; line-height: 1em;\"><\/span>[\/vc_column_inner][vc_column_inner width=\u00bb3\/4&#8243;][vc_empty_space][vc_column_text]FECHA DE INSCRIPCI\u00d3N: desde las 09:00 hs. del 27 ABR 26 hasta las 13:00 hs. del 18 MAY 26 ambas fechas inclusive, a trav\u00e9s del siguiente link:<br \/>\n<a href=\"https:\/\/forms.gle\/eRHEEZDk9629gPJ79\">\u00a0https:\/\/forms.gle\/eRHEEZDk9629gPJ79<\/a><\/p>\n<p>[\/vc_column_text][\/vc_column_inner][\/vc_row_inner][vc_row_inner][vc_column_inner width=\u00bb1\/4&#8243;]<span class=\"sc_icon icon-graduation-light aligncenter\" style=\"font-size:2em; line-height: 1em;\"><\/span>[\/vc_column_inner][vc_column_inner width=\u00bb3\/4&#8243;][vc_column_text]<strong>PERFIL DEL PROFESIONAL RELACIONADO CON EL CONCURSO:<\/strong><\/p>\n<p>&#8211; Profesor Universitario en Historia<\/p>\n<p>&#8211; Licenciado en Relaciones Internacionales<\/p>\n<p>-Licenciado en Ciencias Pol\u00edticas<\/p>\n<p>-Licenciado en Historia<\/p>\n<p>-Antecedentes docentes comprobables de actividad docente en el campo \u00a0\u00a0disciplinar de la asignatura que se concursa.<\/p>\n<p>-Trayecto Pedag\u00f3gico de Formaci\u00f3n Docente para Graduados (no excluyente).[\/vc_column_text][vc_empty_space][\/vc_column_inner][\/vc_row_inner][vc_row_inner][vc_column_inner width=\u00bb1\/4&#8243;]<span class=\"sc_icon icon-file-pdf aligncenter\" style=\"font-size:2em; line-height: 1em;\"><\/span>[\/vc_column_inner][vc_column_inner width=\u00bb3\/4&#8243;][vc_column_text]<\/p>\n<p style=\"text-align: center;\"><strong>DESCARGAR<\/strong>: <a href=\"http:\/\/www.eam.iua.edu.ar\/eam\/wp-content\/uploads\/2026\/04\/O.G.-N-18-Historia-Politca.pdf\">BASES DE LA CONVOCATORIA<\/a><\/p>\n<p style=\"text-align: center;\"><strong>DESCARGAR<\/strong>: <a href=\"http:\/\/www.eam.iua.edu.ar\/eam\/wp-content\/uploads\/2026\/02\/MODELO-CV-SELECCION-DOCENTE.docx\">MODELO DE CV<\/a><\/p>\n<p>[\/vc_column_text][vc_empty_space][\/vc_column_inner][\/vc_row_inner][vc_row_inner][vc_column_inner width=\u00bb1\/4&#8243;]<span class=\"sc_icon icon-mail-light aligncenter\" style=\"font-size:2em; line-height: 1em;\"><\/span>[\/vc_column_inner][vc_column_inner width=\u00bb3\/4&#8243;][vc_column_text]<\/p>\n<p style=\"text-align: center;\"><strong>EMAIL:<\/strong> <a href=\"mailto:selecciondocente@eam.iua.edu.ar\">selecciondocente@eam.iua.edu.ar<\/a><\/p>\n<p>[\/vc_column_text][vc_empty_space][\/vc_column_inner][\/vc_row_inner][\/vc_column][\/vc_row][vc_row][vc_column][vc_empty_space][vc_empty_space][\/vc_column][\/vc_row]<\/p>\n","protected":false},"excerpt":{"rendered":"<p>[vc_row][vc_column][vc_column_text][\/vc_column_text][\/vc_column][\/vc_row][vc_row][vc_column][vc_column_text css=\u00bb.vc_custom_1776868071072{padding-right: 2em !important;}\u00bb]Se lleva a conocimiento al p\u00fablico en general, que la Escuela de Aviaci\u00f3n Militar realizar\u00e1 una convocatoria para Concurso Docente a efectos de cubrir UN (01) cargo, de Profesor de Nivel Universitario con car\u00e1cter Titular Interino, de CINCO (05) horas semanales, para cumplir funciones en la asignatura \u201cHistoria Pol\u00edtica Contempor\u00e1nea: Argentina en [&hellip;]<\/p>\n","protected":false},"author":1,"featured_media":15338,"comment_status":"closed","ping_status":"closed","sticky":false,"template":"","format":"standard","meta":{"_joinchat":[],"footnotes":""},"categories":[2995],"tags":[],"class_list":["post-15334","post","type-post","status-publish","format-standard","has-post-thumbnail","hentry","category-noticias-2"],"_links":{"self":[{"href":"http:\/\/www.eam.iua.edu.ar\/eam\/wp-json\/wp\/v2\/posts\/15334","targetHints":{"allow":["GET"]}}],"collection":[{"href":"http:\/\/www.eam.iua.edu.ar\/eam\/wp-json\/wp\/v2\/posts"}],"about":[{"href":"http:\/\/www.eam.iua.edu.ar\/eam\/wp-json\/wp\/v2\/types\/post"}],"author":[{"embeddable":true,"href":"http:\/\/www.eam.iua.edu.ar\/eam\/wp-json\/wp\/v2\/users\/1"}],"replies":[{"embeddable":true,"href":"http:\/\/www.eam.iua.edu.ar\/eam\/wp-json\/wp\/v2\/comments?post=15334"}],"version-history":[{"count":2,"href":"http:\/\/www.eam.iua.edu.ar\/eam\/wp-json\/wp\/v2\/posts\/15334\/revisions"}],"predecessor-version":[{"id":15337,"href":"http:\/\/www.eam.iua.edu.ar\/eam\/wp-json\/wp\/v2\/posts\/15334\/revisions\/15337"}],"wp:featuredmedia":[{"embeddable":true,"href":"http:\/\/www.eam.iua.edu.ar\/eam\/wp-json\/wp\/v2\/media\/15338"}],"wp:attachment":[{"href":"http:\/\/www.eam.iua.edu.ar\/eam\/wp-json\/wp\/v2\/media?parent=15334"}],"wp:term":[{"taxonomy":"category","embeddable":true,"href":"http:\/\/www.eam.iua.edu.ar\/eam\/wp-json\/wp\/v2\/categories?post=15334"},{"taxonomy":"post_tag","embeddable":true,"href":"http:\/\/www.eam.iua.edu.ar\/eam\/wp-json\/wp\/v2\/tags?post=15334"}],"curies":[{"name":"wp","href":"https:\/\/api.w.org\/{rel}","templated":true}]}}