{"id":15339,"date":"2026-04-22T13:56:42","date_gmt":"2026-04-22T16:56:42","guid":{"rendered":"http:\/\/www.eam.iua.edu.ar\/eam\/?p=15339"},"modified":"2026-04-22T13:56:42","modified_gmt":"2026-04-22T16:56:42","slug":"convocatoria-de-concurso-profesor-a-de-nivel-universitario-fisica-del-vuelo","status":"publish","type":"post","link":"http:\/\/www.eam.iua.edu.ar\/eam\/convocatoria-de-concurso-profesor-a-de-nivel-universitario-fisica-del-vuelo\/","title":{"rendered":"Convocatoria de Concurso: Profesor\/a de Nivel Universitario &#8211; F\u00edsica del vuelo"},"content":{"rendered":"<p>[vc_row][vc_column][vc_column_text][\/vc_column_text][\/vc_column][\/vc_row][vc_row][vc_column][vc_column_text css=\u00bb.vc_custom_1776871989365{padding-right: 2em !important;}\u00bb]Se lleva a conocimiento al p\u00fablico en general, que la Escuela de Aviaci\u00f3n Militar realizar\u00e1 una convocatoria para Concurso Docente a efectos de cubrir <strong>UN (01) cargo, como Profesor de Nivel Universitario<\/strong> con car\u00e1cter Titular Interino, de<strong> CUATRO (04) horas semanales<\/strong>, para cumplir funciones en la asignatura <strong>\u201cF\u00edsica del vuelo\u201d<\/strong> perteneciente al Eje de Formaci\u00f3n F\u00edsico-matem\u00e1tico, para el per\u00edodo comprendido desde el 01 JUL 26 hasta el 31 DIC 26.[\/vc_column_text][vc_empty_space][vc_row_inner][vc_column_inner width=\u00bb1\/4&#8243;]<span class=\"sc_icon icon-calendar-light aligncenter\" style=\"font-size:2em; line-height: 1em;\"><\/span>[\/vc_column_inner][vc_column_inner width=\u00bb3\/4&#8243;][vc_empty_space][vc_column_text]<strong>FECHA DE INSCRIPCI\u00d3N: <\/strong>desde las 09:00 hs. del 27 ABR 26 hasta las 13:00 hs. del 18 MAY 26 ambas fechas inclusive, a trav\u00e9s del siguiente link:<\/p>\n<p><a href=\"https:\/\/forms.gle\/AugjiTuf2XbUT4rB7\">https:\/\/forms.gle\/AugjiTuf2XbUT4rB7<\/a>[\/vc_column_text][\/vc_column_inner][\/vc_row_inner][vc_row_inner][vc_column_inner width=\u00bb1\/4&#8243;]<span class=\"sc_icon icon-graduation-light aligncenter\" style=\"font-size:2em; line-height: 1em;\"><\/span>[\/vc_column_inner][vc_column_inner width=\u00bb3\/4&#8243;][vc_column_text]<strong>PERFIL DEL PROFESIONAL RELACIONADO CON EL CONCURSO:<\/strong><\/p>\n<p>1\u00ba)\u00a0\u00a0\u00a0\u00a0 Titulo Reglamentario:<\/p>\n<p>&#8211;\u00a0\u00a0\u00a0\u00a0\u00a0\u00a0\u00a0\u00a0\u00a0 Ingenier\u00eda mec\u00e1nica-aeron\u00e1utica<\/p>\n<p>&#8211;\u00a0\u00a0\u00a0\u00a0\u00a0\u00a0\u00a0\u00a0\u00a0 Ingenier\u00eda aeron\u00e1utica<\/p>\n<p>T\u00edtulo Supletorio:<\/p>\n<p>&#8211;\u00a0\u00a0\u00a0\u00a0\u00a0\u00a0\u00a0\u00a0\u00a0 Licenciado en Sistemas A\u00e9reos y Aeroespaciales \u2013 Escalaf\u00f3n Aire<\/p>\n<p>2\u00ba)\u00a0\u00a0\u00a0\u00a0 Antecedentes docentes comprobables de actividad docente en el campo disciplinar de la asignatura que se concursa.<\/p>\n<p>3\u00ba)\u00a0\u00a0\u00a0\u00a0 Trayecto Pedag\u00f3gico de Formaci\u00f3n Docente para Graduados (no excluyente).[\/vc_column_text][vc_empty_space][\/vc_column_inner][\/vc_row_inner][vc_row_inner][vc_column_inner width=\u00bb1\/4&#8243;]<span class=\"sc_icon icon-file-pdf aligncenter\" style=\"font-size:2em; line-height: 1em;\"><\/span>[\/vc_column_inner][vc_column_inner width=\u00bb3\/4&#8243;][vc_column_text]<\/p>\n<p style=\"text-align: center;\"><strong>DESCARGAR<\/strong>: <a href=\"http:\/\/www.eam.iua.edu.ar\/eam\/wp-content\/uploads\/2026\/04\/O.G.-N20-Fisica-del-Vuelo.pdf\">BASES DE LA CONVOCATORIA<\/a><\/p>\n<p style=\"text-align: center;\"><strong>DESCARGAR<\/strong>: <a href=\"http:\/\/www.eam.iua.edu.ar\/eam\/wp-content\/uploads\/2026\/02\/MODELO-CV-SELECCION-DOCENTE.docx\">MODELO DE CV<\/a><\/p>\n<p>[\/vc_column_text][vc_empty_space][\/vc_column_inner][\/vc_row_inner][vc_row_inner][vc_column_inner width=\u00bb1\/4&#8243;]<span class=\"sc_icon icon-mail-light aligncenter\" style=\"font-size:2em; line-height: 1em;\"><\/span>[\/vc_column_inner][vc_column_inner width=\u00bb3\/4&#8243;][vc_column_text]<\/p>\n<p style=\"text-align: center;\"><strong>EMAIL:<\/strong> <a href=\"mailto:selecciondocente@eam.iua.edu.ar\">selecciondocente@eam.iua.edu.ar<\/a><\/p>\n<p>[\/vc_column_text][vc_empty_space][\/vc_column_inner][\/vc_row_inner][\/vc_column][\/vc_row][vc_row][vc_column][vc_empty_space][vc_empty_space][\/vc_column][\/vc_row]<\/p>\n","protected":false},"excerpt":{"rendered":"<p>[vc_row][vc_column][vc_column_text][\/vc_column_text][\/vc_column][\/vc_row][vc_row][vc_column][vc_column_text css=\u00bb.vc_custom_1776871989365{padding-right: 2em !important;}\u00bb]Se lleva a conocimiento al p\u00fablico en general, que la Escuela de Aviaci\u00f3n Militar realizar\u00e1 una convocatoria para Concurso Docente a efectos de cubrir UN (01) cargo, como Profesor de Nivel Universitario con car\u00e1cter Titular Interino, de CUATRO (04) horas semanales, para cumplir funciones en la asignatura \u201cF\u00edsica del vuelo\u201d perteneciente al [&hellip;]<\/p>\n","protected":false},"author":1,"featured_media":15342,"comment_status":"closed","ping_status":"closed","sticky":false,"template":"","format":"standard","meta":{"_joinchat":[],"footnotes":""},"categories":[2995],"tags":[],"class_list":["post-15339","post","type-post","status-publish","format-standard","has-post-thumbnail","hentry","category-noticias-2"],"_links":{"self":[{"href":"http:\/\/www.eam.iua.edu.ar\/eam\/wp-json\/wp\/v2\/posts\/15339","targetHints":{"allow":["GET"]}}],"collection":[{"href":"http:\/\/www.eam.iua.edu.ar\/eam\/wp-json\/wp\/v2\/posts"}],"about":[{"href":"http:\/\/www.eam.iua.edu.ar\/eam\/wp-json\/wp\/v2\/types\/post"}],"author":[{"embeddable":true,"href":"http:\/\/www.eam.iua.edu.ar\/eam\/wp-json\/wp\/v2\/users\/1"}],"replies":[{"embeddable":true,"href":"http:\/\/www.eam.iua.edu.ar\/eam\/wp-json\/wp\/v2\/comments?post=15339"}],"version-history":[{"count":2,"href":"http:\/\/www.eam.iua.edu.ar\/eam\/wp-json\/wp\/v2\/posts\/15339\/revisions"}],"predecessor-version":[{"id":15343,"href":"http:\/\/www.eam.iua.edu.ar\/eam\/wp-json\/wp\/v2\/posts\/15339\/revisions\/15343"}],"wp:featuredmedia":[{"embeddable":true,"href":"http:\/\/www.eam.iua.edu.ar\/eam\/wp-json\/wp\/v2\/media\/15342"}],"wp:attachment":[{"href":"http:\/\/www.eam.iua.edu.ar\/eam\/wp-json\/wp\/v2\/media?parent=15339"}],"wp:term":[{"taxonomy":"category","embeddable":true,"href":"http:\/\/www.eam.iua.edu.ar\/eam\/wp-json\/wp\/v2\/categories?post=15339"},{"taxonomy":"post_tag","embeddable":true,"href":"http:\/\/www.eam.iua.edu.ar\/eam\/wp-json\/wp\/v2\/tags?post=15339"}],"curies":[{"name":"wp","href":"https:\/\/api.w.org\/{rel}","templated":true}]}}