{"id":15344,"date":"2026-04-22T13:56:52","date_gmt":"2026-04-22T16:56:52","guid":{"rendered":"http:\/\/www.eam.iua.edu.ar\/eam\/?p=15344"},"modified":"2026-04-22T13:56:52","modified_gmt":"2026-04-22T16:56:52","slug":"convocatoria-de-concurso-profesor-a-de-nivel-universitario-algebra-lineal","status":"publish","type":"post","link":"http:\/\/www.eam.iua.edu.ar\/eam\/convocatoria-de-concurso-profesor-a-de-nivel-universitario-algebra-lineal\/","title":{"rendered":"Convocatoria de Concurso: Profesor\/a de Nivel Universitario &#8211; \u00c1lgebra Lineal"},"content":{"rendered":"<p>[vc_row][vc_column][vc_column_text][\/vc_column_text][\/vc_column][\/vc_row][vc_row][vc_column][vc_column_text css=\u00bb.vc_custom_1776873315256{padding-right: 2em !important;}\u00bb]Se lleva a conocimiento al p\u00fablico en general, que la Escuela de Aviaci\u00f3n Militar realizar\u00e1 una convocatoria para Concurso Docente a efectos de cubrir<strong> DOS (02) cargos<\/strong> como<strong> Profesor de Nivel Universitario<\/strong> con car\u00e1cter Titular Interino, de<strong> CINCO (05) horas semanales<\/strong> cada uno, para cumplir funciones en la asignatura <strong>\u201c\u00c1lgebra Lineal\u201d<\/strong> para el per\u00edodo comprendido desde el 01 JUL 26 hasta el 31 DIC 26.[\/vc_column_text][vc_empty_space][vc_row_inner][vc_column_inner width=\u00bb1\/4&#8243;]<span class=\"sc_icon icon-calendar-light aligncenter\" style=\"font-size:2em; line-height: 1em;\"><\/span>[\/vc_column_inner][vc_column_inner width=\u00bb3\/4&#8243;][vc_empty_space][vc_column_text]FECHA DE INSCRIPCI\u00d3N: desde las 09:00 hs. del 27 ABR 26 hasta las 13:00 hs. del 18 MAY 26 ambas fechas inclusive, a trav\u00e9s del siguiente link:<\/p>\n<p><a href=\"https:\/\/forms.gle\/FjZThVaAEM64WwiY8\">https:\/\/forms.gle\/FjZThVaAEM64WwiY8<\/a><\/p>\n<p>[\/vc_column_text][\/vc_column_inner][\/vc_row_inner][vc_row_inner][vc_column_inner width=\u00bb1\/4&#8243;]<span class=\"sc_icon icon-graduation-light aligncenter\" style=\"font-size:2em; line-height: 1em;\"><\/span>[\/vc_column_inner][vc_column_inner width=\u00bb3\/4&#8243;][vc_column_text]PERFIL DEL PROFESIONAL RELACIONADO CON EL CONCURSO:<\/p>\n<p>1\u00ba)\u00a0\u00a0\u00a0\u00a0 Titulo Reglamentario:<\/p>\n<p>&#8211;\u00a0\u00a0\u00a0\u00a0\u00a0\u00a0\u00a0\u00a0\u00a0 Profesorado Universitario en Matem\u00e1tica<\/p>\n<p>&#8211;\u00a0\u00a0\u00a0\u00a0\u00a0\u00a0\u00a0\u00a0\u00a0 Licenciatura en Matem\u00e1tica<\/p>\n<p>&#8211;\u00a0\u00a0\u00a0\u00a0\u00a0\u00a0\u00a0\u00a0\u00a0 Ingenier\u00eda<\/p>\n<p>&#8211;\u00a0\u00a0\u00a0\u00a0\u00a0\u00a0\u00a0\u00a0\u00a0 Licenciatura en F\u00edsica<\/p>\n<p>2\u00ba)\u00a0\u00a0\u00a0\u00a0 Antecedentes docentes comprobables de actividad docente en el campo disciplinar de la asignatura que se concursa.<\/p>\n<p>3\u00ba)\u00a0\u00a0\u00a0\u00a0 Trayecto Pedag\u00f3gico de Formaci\u00f3n Docente para Graduados (no excluyente).[\/vc_column_text][vc_empty_space][\/vc_column_inner][\/vc_row_inner][vc_row_inner][vc_column_inner width=\u00bb1\/4&#8243;]<span class=\"sc_icon icon-file-pdf aligncenter\" style=\"font-size:2em; line-height: 1em;\"><\/span>[\/vc_column_inner][vc_column_inner width=\u00bb3\/4&#8243;][vc_column_text]<\/p>\n<p style=\"text-align: center;\"><strong>DESCARGAR<\/strong>: <a href=\"http:\/\/www.eam.iua.edu.ar\/eam\/wp-content\/uploads\/2026\/04\/O.G.-N19.pdf\">BASES DE LA CONVOCATORIA<\/a><\/p>\n<p style=\"text-align: center;\"><strong>DESCARGAR<\/strong>: <a href=\"http:\/\/www.eam.iua.edu.ar\/eam\/wp-content\/uploads\/2026\/02\/MODELO-CV-SELECCION-DOCENTE.docx\">MODELO DE CV<\/a><\/p>\n<p>[\/vc_column_text][vc_empty_space][\/vc_column_inner][\/vc_row_inner][vc_row_inner][vc_column_inner width=\u00bb1\/4&#8243;]<span class=\"sc_icon icon-mail-light aligncenter\" style=\"font-size:2em; line-height: 1em;\"><\/span>[\/vc_column_inner][vc_column_inner width=\u00bb3\/4&#8243;][vc_column_text]<\/p>\n<p style=\"text-align: center;\"><strong>EMAIL:<\/strong> <a href=\"mailto:selecciondocente@eam.iua.edu.ar\">selecciondocente@eam.iua.edu.ar<\/a><\/p>\n<p>[\/vc_column_text][vc_empty_space][\/vc_column_inner][\/vc_row_inner][\/vc_column][\/vc_row][vc_row][vc_column][vc_empty_space][vc_empty_space][\/vc_column][\/vc_row]<\/p>\n","protected":false},"excerpt":{"rendered":"<p>[vc_row][vc_column][vc_column_text][\/vc_column_text][\/vc_column][\/vc_row][vc_row][vc_column][vc_column_text css=\u00bb.vc_custom_1776873315256{padding-right: 2em !important;}\u00bb]Se lleva a conocimiento al p\u00fablico en general, que la Escuela de Aviaci\u00f3n Militar realizar\u00e1 una convocatoria para Concurso Docente a efectos de cubrir DOS (02) cargos como Profesor de Nivel Universitario con car\u00e1cter Titular Interino, de CINCO (05) horas semanales cada uno, para cumplir funciones en la asignatura \u201c\u00c1lgebra Lineal\u201d para [&hellip;]<\/p>\n","protected":false},"author":1,"featured_media":15346,"comment_status":"closed","ping_status":"closed","sticky":false,"template":"","format":"standard","meta":{"_joinchat":[],"footnotes":""},"categories":[2995],"tags":[],"class_list":["post-15344","post","type-post","status-publish","format-standard","has-post-thumbnail","hentry","category-noticias-2"],"_links":{"self":[{"href":"http:\/\/www.eam.iua.edu.ar\/eam\/wp-json\/wp\/v2\/posts\/15344","targetHints":{"allow":["GET"]}}],"collection":[{"href":"http:\/\/www.eam.iua.edu.ar\/eam\/wp-json\/wp\/v2\/posts"}],"about":[{"href":"http:\/\/www.eam.iua.edu.ar\/eam\/wp-json\/wp\/v2\/types\/post"}],"author":[{"embeddable":true,"href":"http:\/\/www.eam.iua.edu.ar\/eam\/wp-json\/wp\/v2\/users\/1"}],"replies":[{"embeddable":true,"href":"http:\/\/www.eam.iua.edu.ar\/eam\/wp-json\/wp\/v2\/comments?post=15344"}],"version-history":[{"count":2,"href":"http:\/\/www.eam.iua.edu.ar\/eam\/wp-json\/wp\/v2\/posts\/15344\/revisions"}],"predecessor-version":[{"id":15348,"href":"http:\/\/www.eam.iua.edu.ar\/eam\/wp-json\/wp\/v2\/posts\/15344\/revisions\/15348"}],"wp:featuredmedia":[{"embeddable":true,"href":"http:\/\/www.eam.iua.edu.ar\/eam\/wp-json\/wp\/v2\/media\/15346"}],"wp:attachment":[{"href":"http:\/\/www.eam.iua.edu.ar\/eam\/wp-json\/wp\/v2\/media?parent=15344"}],"wp:term":[{"taxonomy":"category","embeddable":true,"href":"http:\/\/www.eam.iua.edu.ar\/eam\/wp-json\/wp\/v2\/categories?post=15344"},{"taxonomy":"post_tag","embeddable":true,"href":"http:\/\/www.eam.iua.edu.ar\/eam\/wp-json\/wp\/v2\/tags?post=15344"}],"curies":[{"name":"wp","href":"https:\/\/api.w.org\/{rel}","templated":true}]}}