{"id":2333,"date":"2017-08-29T11:21:18","date_gmt":"2017-08-29T14:21:18","guid":{"rendered":"http:\/\/localhost\/eam\/?p=2333"},"modified":"2020-05-13T19:26:02","modified_gmt":"2020-05-13T22:26:02","slug":"visita-de-la-fuerza-aerea-de-chile","status":"publish","type":"post","link":"http:\/\/www.eam.iua.edu.ar\/eam\/visita-de-la-fuerza-aerea-de-chile\/","title":{"rendered":"Visita de la Fuerza A\u00e9rea de Chile"},"content":{"rendered":"<p style=\"text-align: justify;\">Recibimos en la Escuela de Aviaci\u00f3n Militar a la Capit\u00e1n de Bandada (A) Tamara Forno Santambrogio de la Fuerza A\u00e9rea de Chile, y a los Cadetes Renata Guerrero Fern\u00e1ndez y Francisco Conejera Jorquera de la Escuela de Aviaci\u00f3n \u00abCapit\u00e1n Manuel \u00c1valos Prado\u00bb, quienes recorrieron las instalaciones junto a Oficiales y Cadetes de nuestro Instituto, fortaleciendo e intercambiando experiencias acad\u00e9micas y militares.<\/p>\n<p><img loading=\"lazy\" decoding=\"async\" class=\"aligncenter size-medium wp-image-2336\" src=\"http:\/\/localhost\/eam\/wp-content\/uploads\/2017\/08\/02-1-300x214.jpg\" alt=\"\" width=\"300\" height=\"214\" srcset=\"http:\/\/www.eam.iua.edu.ar\/eam\/wp-content\/uploads\/2017\/08\/02-1-300x214.jpg 300w, http:\/\/www.eam.iua.edu.ar\/eam\/wp-content\/uploads\/2017\/08\/02-1-768x549.jpg 768w, http:\/\/www.eam.iua.edu.ar\/eam\/wp-content\/uploads\/2017\/08\/02-1-938x671.jpg 938w, http:\/\/www.eam.iua.edu.ar\/eam\/wp-content\/uploads\/2017\/08\/02-1-1170x836.jpg 1170w, http:\/\/www.eam.iua.edu.ar\/eam\/wp-content\/uploads\/2017\/08\/02-1-870x622.jpg 870w, http:\/\/www.eam.iua.edu.ar\/eam\/wp-content\/uploads\/2017\/08\/02-1-390x279.jpg 390w, http:\/\/www.eam.iua.edu.ar\/eam\/wp-content\/uploads\/2017\/08\/02-1.jpg 2048w\" sizes=\"auto, (max-width: 300px) 100vw, 300px\" \/><img loading=\"lazy\" decoding=\"async\" class=\"aligncenter size-medium wp-image-2337\" src=\"http:\/\/localhost\/eam\/wp-content\/uploads\/2017\/08\/03-1-300x214.jpg\" alt=\"\" width=\"300\" height=\"214\" srcset=\"http:\/\/www.eam.iua.edu.ar\/eam\/wp-content\/uploads\/2017\/08\/03-1-300x214.jpg 300w, http:\/\/www.eam.iua.edu.ar\/eam\/wp-content\/uploads\/2017\/08\/03-1-768x549.jpg 768w, http:\/\/www.eam.iua.edu.ar\/eam\/wp-content\/uploads\/2017\/08\/03-1-938x671.jpg 938w, http:\/\/www.eam.iua.edu.ar\/eam\/wp-content\/uploads\/2017\/08\/03-1-1170x836.jpg 1170w, http:\/\/www.eam.iua.edu.ar\/eam\/wp-content\/uploads\/2017\/08\/03-1-870x622.jpg 870w, http:\/\/www.eam.iua.edu.ar\/eam\/wp-content\/uploads\/2017\/08\/03-1-390x279.jpg 390w, http:\/\/www.eam.iua.edu.ar\/eam\/wp-content\/uploads\/2017\/08\/03-1.jpg 2048w\" sizes=\"auto, (max-width: 300px) 100vw, 300px\" \/><\/p>\n","protected":false},"excerpt":{"rendered":"<p>Recibimos en la Escuela de Aviaci\u00f3n Militar a la Capit\u00e1n de Bandada (A) Tamara Forno Santambrogio de la Fuerza A\u00e9rea de Chile,<\/p>\n","protected":false},"author":1,"featured_media":2334,"comment_status":"closed","ping_status":"closed","sticky":false,"template":"","format":"standard","meta":{"_joinchat":[],"footnotes":""},"categories":[2995],"tags":[124,102],"class_list":["post-2333","post","type-post","status-publish","format-standard","has-post-thumbnail","hentry","category-noticias-2","tag-chile","tag-visitas"],"_links":{"self":[{"href":"http:\/\/www.eam.iua.edu.ar\/eam\/wp-json\/wp\/v2\/posts\/2333","targetHints":{"allow":["GET"]}}],"collection":[{"href":"http:\/\/www.eam.iua.edu.ar\/eam\/wp-json\/wp\/v2\/posts"}],"about":[{"href":"http:\/\/www.eam.iua.edu.ar\/eam\/wp-json\/wp\/v2\/types\/post"}],"author":[{"embeddable":true,"href":"http:\/\/www.eam.iua.edu.ar\/eam\/wp-json\/wp\/v2\/users\/1"}],"replies":[{"embeddable":true,"href":"http:\/\/www.eam.iua.edu.ar\/eam\/wp-json\/wp\/v2\/comments?post=2333"}],"version-history":[{"count":5,"href":"http:\/\/www.eam.iua.edu.ar\/eam\/wp-json\/wp\/v2\/posts\/2333\/revisions"}],"predecessor-version":[{"id":4360,"href":"http:\/\/www.eam.iua.edu.ar\/eam\/wp-json\/wp\/v2\/posts\/2333\/revisions\/4360"}],"wp:featuredmedia":[{"embeddable":true,"href":"http:\/\/www.eam.iua.edu.ar\/eam\/wp-json\/wp\/v2\/media\/2334"}],"wp:attachment":[{"href":"http:\/\/www.eam.iua.edu.ar\/eam\/wp-json\/wp\/v2\/media?parent=2333"}],"wp:term":[{"taxonomy":"category","embeddable":true,"href":"http:\/\/www.eam.iua.edu.ar\/eam\/wp-json\/wp\/v2\/categories?post=2333"},{"taxonomy":"post_tag","embeddable":true,"href":"http:\/\/www.eam.iua.edu.ar\/eam\/wp-json\/wp\/v2\/tags?post=2333"}],"curies":[{"name":"wp","href":"https:\/\/api.w.org\/{rel}","templated":true}]}}