{"id":2658,"date":"2017-09-06T10:36:21","date_gmt":"2017-09-06T13:36:21","guid":{"rendered":"http:\/\/localhost\/eam\/?p=2658"},"modified":"2020-05-13T19:25:43","modified_gmt":"2020-05-13T22:25:43","slug":"ceremonia-dia-del-instructor-militar","status":"publish","type":"post","link":"http:\/\/www.eam.iua.edu.ar\/eam\/ceremonia-dia-del-instructor-militar\/","title":{"rendered":"Ceremonia D\u00eda del Instructor Militar"},"content":{"rendered":"<p>[vc_row][vc_column][vc_column_text css=\u00bb.vc_custom_1508859860008{padding-right: 3em !important;}\u00bb]<\/p>\n<p style=\"text-align: justify;\">El viernes 28 de Julio se llev\u00f3 a cabo la conmemoraci\u00f3n del D\u00eda del Instructor Militar. La misma se llev\u00f3 a cabo en la Plaza de Armas \u201cGral. San Martin\u201d de la Escuela de Aviaci\u00f3n Militar y fue presidida por el Director del Instituto, Brigadier D. Jos\u00e9 Mar\u00eda ACTIS.<\/p>\n<p style=\"text-align: justify;\">Luego de la entonaci\u00f3n de las estrofas del Himno Nacional Argentino, el Presb\u00edtero Sergio Omar FOCHESSATO realiz\u00f3 la\u00a0invocaci\u00f3n religiosa.<\/p>\n<p style=\"text-align: justify;\">Posteriormente, se ley\u00f3 la Orden del D\u00eda felicitando a los Oficiales Instructores. El 1\u00b0 Teniente D. Jos\u00e9 Mar\u00eda ACTIS, Oficial Instructor del Grupo A\u00e9reo Escuela, brind\u00f3 palabras alusivas resaltando que ser Instructor Militar es una tarea dif\u00edcil con alt\u00edsima responsabilidad pero de gran nobleza. Adem\u00e1s, se refiri\u00f3 a que el Instructor es el ejemplo a seguir de sus alumnos en todos los aspectos de la vida, influyendo con sus palabras, gestos y acciones.<\/p>\n<p style=\"text-align: justify;\">En el cierre de la ceremonia, se realiz\u00f3 el Desfile de los efectivos formados.<\/p>\n<p style=\"text-align: justify;\"><strong>Rese\u00f1a hist\u00f3rica<\/strong><\/p>\n<p style=\"text-align: justify;\">El 28 de Julio se conmemora el D\u00eda del Instructor Militar por el fallecimiento del Teniente 1\u00ba Ra\u00fal E. GOUBAT, quien fue el precursor de la instrucci\u00f3n a\u00e9rea militar y form\u00f3 parte del Primer Curso de la Escuela de Aviaci\u00f3n Militar pasando a ser el Primer Instructor Militar de \u00e9ste Instituto entre 1912 y 1914.<\/p>\n<p>[\/vc_column_text][vc_empty_space height=\u00bb3em\u00bb][\/vc_column][\/vc_row][vc_row][vc_column][vc_gallery type=\u00bbimage_grid\u00bb images=\u00bb2659,2660,2661,2662,2663,2664&#8243; img_size=\u00bbmedium\u00bb][\/vc_column][\/vc_row]<\/p>\n","protected":false},"excerpt":{"rendered":"<p>El viernes 28 de Julio se llev\u00f3 a cabo la conmemoraci\u00f3n del D\u00eda del Instructor Militar. La misma se llev\u00f3 a cabo en la Plaza de Armas \u201cGral. San Martin\u201d de la Escuela de Aviaci\u00f3n Militar y fue presidida por el Director del Instituto, Brigadier D. Jos\u00e9 Mar\u00eda ACTIS.<\/p>\n","protected":false},"author":1,"featured_media":2663,"comment_status":"closed","ping_status":"closed","sticky":false,"template":"","format":"standard","meta":{"_joinchat":[],"footnotes":""},"categories":[2995],"tags":[122,110],"class_list":["post-2658","post","type-post","status-publish","format-standard","has-post-thumbnail","hentry","category-noticias-2","tag-ceremonias","tag-instructor-militar"],"_links":{"self":[{"href":"http:\/\/www.eam.iua.edu.ar\/eam\/wp-json\/wp\/v2\/posts\/2658","targetHints":{"allow":["GET"]}}],"collection":[{"href":"http:\/\/www.eam.iua.edu.ar\/eam\/wp-json\/wp\/v2\/posts"}],"about":[{"href":"http:\/\/www.eam.iua.edu.ar\/eam\/wp-json\/wp\/v2\/types\/post"}],"author":[{"embeddable":true,"href":"http:\/\/www.eam.iua.edu.ar\/eam\/wp-json\/wp\/v2\/users\/1"}],"replies":[{"embeddable":true,"href":"http:\/\/www.eam.iua.edu.ar\/eam\/wp-json\/wp\/v2\/comments?post=2658"}],"version-history":[{"count":5,"href":"http:\/\/www.eam.iua.edu.ar\/eam\/wp-json\/wp\/v2\/posts\/2658\/revisions"}],"predecessor-version":[{"id":4343,"href":"http:\/\/www.eam.iua.edu.ar\/eam\/wp-json\/wp\/v2\/posts\/2658\/revisions\/4343"}],"wp:featuredmedia":[{"embeddable":true,"href":"http:\/\/www.eam.iua.edu.ar\/eam\/wp-json\/wp\/v2\/media\/2663"}],"wp:attachment":[{"href":"http:\/\/www.eam.iua.edu.ar\/eam\/wp-json\/wp\/v2\/media?parent=2658"}],"wp:term":[{"taxonomy":"category","embeddable":true,"href":"http:\/\/www.eam.iua.edu.ar\/eam\/wp-json\/wp\/v2\/categories?post=2658"},{"taxonomy":"post_tag","embeddable":true,"href":"http:\/\/www.eam.iua.edu.ar\/eam\/wp-json\/wp\/v2\/tags?post=2658"}],"curies":[{"name":"wp","href":"https:\/\/api.w.org\/{rel}","templated":true}]}}