{"id":3007,"date":"2017-09-05T00:00:35","date_gmt":"2017-09-05T03:00:35","guid":{"rendered":"http:\/\/www.eam2.iua.edu.ar\/eam\/?p=3007"},"modified":"2020-05-13T19:25:49","modified_gmt":"2020-05-13T22:25:49","slug":"campus-de-basquet-para-ciegos-en-la-escuela-de-aviacion-militar","status":"publish","type":"post","link":"http:\/\/www.eam.iua.edu.ar\/eam\/campus-de-basquet-para-ciegos-en-la-escuela-de-aviacion-militar\/","title":{"rendered":"Campus de B\u00e1squet para ciegos en la Escuela de Aviaci\u00f3n Militar"},"content":{"rendered":"<p>[vc_row][vc_column][vc_column_text css=\u00bb.vc_custom_1506145389475{padding-right: 3em !important;}\u00bb]<\/p>\n<p style=\"text-align: justify;\">El viernes 01 y s\u00e1bado 02 de septiembre del corriente se realiz\u00f3 en el Gimnasio cubierto de la Escuela de Aviaci\u00f3n Militar, el Campus de B\u00e1squet para Ciegos. El mismo cont\u00f3 con la coordinaci\u00f3n y asistencia t\u00e9cnica del reconocido Profesor Walter GARRONE.<\/p>\n<p style=\"text-align: justify;\">Adem\u00e1s, se cont\u00f3 con la grata presencia del ex Director T\u00e9cnico de la Selecci\u00f3n Argentina de B\u00e1squet Masculino, Rub\u00e9n MAGNANO, quien salud\u00f3 y comparti\u00f3 sus conocimientos y experiencias con los participantes.<\/p>\n<p style=\"text-align: justify;\">Este evento tuvo como objetivo que los participantes adquieran conductas motrices para la vida y experimenten nuevas vivencias a trav\u00e9s de las actividades que se les proponen.<\/p>\n<p style=\"text-align: justify;\">Participaron del Campus aproximadamente 30 personas no videntes de todo el pa\u00eds, entre las cuales hab\u00eda jovenes y adultos con disminucion visual o ceguera, con o sin conocimiento del B\u00e1squetbol. Los asistentes se capacitaron durante los dos d\u00edas en diferentes t\u00e9cnicas y destrezas del B\u00e1squet.<\/p>\n<p style=\"text-align: left;\">Es importante destacar la colaboraci\u00f3n activa de Cadetes del Instituto en los ejercicios que llevaron a cabo los participantes durante las jornadas de capacitaci\u00f3n.<\/p>\n<p style=\"text-align: justify;\">En el cierre del mismo, se otorgaron certificados a los colaboradores y participantes del evento.<\/p>\n<p>[\/vc_column_text][vc_empty_space height=\u00bb3em\u00bb][vc_gallery type=\u00bbimage_grid\u00bb images=\u00bb3011,3010,3009,3008&#8243; title=\u00bbBasquet para ciegos\u00bb][\/vc_column][\/vc_row]<\/p>\n","protected":false},"excerpt":{"rendered":"<p>El viernes 01 y s\u00e1bado 02 de septiembre del corriente se realiz\u00f3 en el Gimnasio cubierto de la Escuela de Aviaci\u00f3n Militar, el Campus de B\u00e1squet para Ciegos. El mismo cont\u00f3 con la coordinaci\u00f3n y asistencia t\u00e9cnica del reconocido Profesor Walter GARRONE.<\/p>\n","protected":false},"author":3,"featured_media":3009,"comment_status":"closed","ping_status":"closed","sticky":false,"template":"","format":"standard","meta":{"_joinchat":[],"footnotes":""},"categories":[2995],"tags":[111,100],"class_list":["post-3007","post","type-post","status-publish","format-standard","has-post-thumbnail","hentry","category-noticias-2","tag-basquet","tag-deportes"],"_links":{"self":[{"href":"http:\/\/www.eam.iua.edu.ar\/eam\/wp-json\/wp\/v2\/posts\/3007","targetHints":{"allow":["GET"]}}],"collection":[{"href":"http:\/\/www.eam.iua.edu.ar\/eam\/wp-json\/wp\/v2\/posts"}],"about":[{"href":"http:\/\/www.eam.iua.edu.ar\/eam\/wp-json\/wp\/v2\/types\/post"}],"author":[{"embeddable":true,"href":"http:\/\/www.eam.iua.edu.ar\/eam\/wp-json\/wp\/v2\/users\/3"}],"replies":[{"embeddable":true,"href":"http:\/\/www.eam.iua.edu.ar\/eam\/wp-json\/wp\/v2\/comments?post=3007"}],"version-history":[{"count":4,"href":"http:\/\/www.eam.iua.edu.ar\/eam\/wp-json\/wp\/v2\/posts\/3007\/revisions"}],"predecessor-version":[{"id":4347,"href":"http:\/\/www.eam.iua.edu.ar\/eam\/wp-json\/wp\/v2\/posts\/3007\/revisions\/4347"}],"wp:featuredmedia":[{"embeddable":true,"href":"http:\/\/www.eam.iua.edu.ar\/eam\/wp-json\/wp\/v2\/media\/3009"}],"wp:attachment":[{"href":"http:\/\/www.eam.iua.edu.ar\/eam\/wp-json\/wp\/v2\/media?parent=3007"}],"wp:term":[{"taxonomy":"category","embeddable":true,"href":"http:\/\/www.eam.iua.edu.ar\/eam\/wp-json\/wp\/v2\/categories?post=3007"},{"taxonomy":"post_tag","embeddable":true,"href":"http:\/\/www.eam.iua.edu.ar\/eam\/wp-json\/wp\/v2\/tags?post=3007"}],"curies":[{"name":"wp","href":"https:\/\/api.w.org\/{rel}","templated":true}]}}