{"id":3973,"date":"2017-10-03T10:41:24","date_gmt":"2017-10-03T13:41:24","guid":{"rendered":"http:\/\/www.eam2.iua.edu.ar\/eam\/?p=3973"},"modified":"2020-05-13T19:25:32","modified_gmt":"2020-05-13T22:25:32","slug":"ejercicio-garra-xv","status":"publish","type":"post","link":"http:\/\/www.eam.iua.edu.ar\/eam\/ejercicio-garra-xv\/","title":{"rendered":"Ejercicio \u201cGARRA XV\u201d"},"content":{"rendered":"<p>[vc_row][vc_column][vc_column_text]<\/p>\n<p style=\"text-align: justify;\">El pasado martes 3 de octubre se desarroll\u00f3 en el Cuerpo de Cadetes de la Escuela de Aviaci\u00f3n Militar, una nueva edici\u00f3n del Ejercicio de Simulaci\u00f3n Te\u00f3rico Operativo Garra XV. Participaron alumnos de la Universidad Nacional de C\u00f3rdoba, Universidad Cat\u00f3lica de C\u00f3rdoba, Instituto Universitario Aeron\u00e1utico, Universidad Blas Pascal, Colegio Universitario de Periodismo, Cruz Roja Argentina Filial C\u00f3rdoba, Gendarmer\u00eda Nacional Argentina, Colegio Militar de la Naci\u00f3n y Escuela de Suboficiales de la Fuerza A\u00e9rea.<\/p>\n<p style=\"text-align: justify;\">Este adiestramiento consiste en una simulaci\u00f3n conjunta e interdisciplinaria de conducci\u00f3n estrat\u00e9gica y resoluci\u00f3n de conflictos, donde el personal de las instituciones participantes debe tomar decisiones basadas en la informaci\u00f3n que reciben durante la actividad.<\/p>\n<p style=\"text-align: justify;\">El Ejercicio Garra se lleva a cabo hace quince a\u00f1os en nuestro Instituto e incluye todos los contenidos te\u00f3ricos de las asignaturas contempladas en el Plan Curricular de la LICRAD (Licenciatura en Conducci\u00f3n de Recursos Aeroespaciales para la Defensa) y es parte de las actividades previstas en el calendario del Cuerpo de Cadetes.<\/p>\n<p style=\"text-align: justify;\">En esta edici\u00f3n, el Director del Ejercicio fue el Brigadier \u201cVGM\u201d (R) Atilio Victorio Zattara acompa\u00f1ado por la Secretaria de Extensi\u00f3n del Cuerpo de Cadetes, Prof. Andrea Walter, reflejando adem\u00e1s mucha dedicaci\u00f3n previa a la realizaci\u00f3n del evento por parte de los profesores del Escuadr\u00f3n Estudios.<\/p>\n<p style=\"text-align: justify;\">Los participantes visitaron la Sala de Honor, Sala Malvinas, Grupo A\u00e9reo y Grupo T\u00e9cnico Escuela acompa\u00f1ados por Cadetes del Instituto. Por \u00faltimo, se entregaron condecoraciones y diplomas, y los presentes disfrutaron de una pe\u00f1a folkl\u00f3rica en el cierre de la jornada.<\/p>\n<p>[\/vc_column_text][vc_gallery type=\u00bbimage_grid\u00bb images=\u00bb3979,3974,3975,3976,3977,3978&#8243;][\/vc_column][\/vc_row]<\/p>\n","protected":false},"excerpt":{"rendered":"<p>El pasado martes 3 de octubre se desarroll\u00f3 en el Cuerpo de Cadetes de la Escuela de Aviaci\u00f3n Militar, una nueva edici\u00f3n del Ejercicio de Simulaci\u00f3n Te\u00f3rico Operativo Garra XV. Participaron alumnos de la Universidad Nacional de C\u00f3rdoba, Universidad Cat\u00f3lica de C\u00f3rdoba, Instituto Universitario Aeron\u00e1utico, Universidad Blas Pascal, Colegio Universitario de Periodismo, Cruz Roja Argentina Filial C\u00f3rdoba, Gendarmer\u00eda Nacional Argentina, Colegio Militar de la Naci\u00f3n y Escuela de Suboficiales de la Fuerza A\u00e9rea.<\/p>\n","protected":false},"author":3,"featured_media":3974,"comment_status":"closed","ping_status":"closed","sticky":false,"template":"","format":"standard","meta":{"_joinchat":[],"footnotes":""},"categories":[2995],"tags":[101],"class_list":["post-3973","post","type-post","status-publish","format-standard","has-post-thumbnail","hentry","category-noticias-2","tag-ejercicio-garra"],"_links":{"self":[{"href":"http:\/\/www.eam.iua.edu.ar\/eam\/wp-json\/wp\/v2\/posts\/3973","targetHints":{"allow":["GET"]}}],"collection":[{"href":"http:\/\/www.eam.iua.edu.ar\/eam\/wp-json\/wp\/v2\/posts"}],"about":[{"href":"http:\/\/www.eam.iua.edu.ar\/eam\/wp-json\/wp\/v2\/types\/post"}],"author":[{"embeddable":true,"href":"http:\/\/www.eam.iua.edu.ar\/eam\/wp-json\/wp\/v2\/users\/3"}],"replies":[{"embeddable":true,"href":"http:\/\/www.eam.iua.edu.ar\/eam\/wp-json\/wp\/v2\/comments?post=3973"}],"version-history":[{"count":3,"href":"http:\/\/www.eam.iua.edu.ar\/eam\/wp-json\/wp\/v2\/posts\/3973\/revisions"}],"predecessor-version":[{"id":4340,"href":"http:\/\/www.eam.iua.edu.ar\/eam\/wp-json\/wp\/v2\/posts\/3973\/revisions\/4340"}],"wp:featuredmedia":[{"embeddable":true,"href":"http:\/\/www.eam.iua.edu.ar\/eam\/wp-json\/wp\/v2\/media\/3974"}],"wp:attachment":[{"href":"http:\/\/www.eam.iua.edu.ar\/eam\/wp-json\/wp\/v2\/media?parent=3973"}],"wp:term":[{"taxonomy":"category","embeddable":true,"href":"http:\/\/www.eam.iua.edu.ar\/eam\/wp-json\/wp\/v2\/categories?post=3973"},{"taxonomy":"post_tag","embeddable":true,"href":"http:\/\/www.eam.iua.edu.ar\/eam\/wp-json\/wp\/v2\/tags?post=3973"}],"curies":[{"name":"wp","href":"https:\/\/api.w.org\/{rel}","templated":true}]}}