{"id":4069,"date":"2017-11-10T10:14:23","date_gmt":"2017-11-10T13:14:23","guid":{"rendered":"http:\/\/www.eam2.iua.edu.ar\/eam\/?p=4069"},"modified":"2020-05-13T19:25:09","modified_gmt":"2020-05-13T22:25:09","slug":"despedida-del-li-viaje-final-de-instruccion","status":"publish","type":"post","link":"http:\/\/www.eam.iua.edu.ar\/eam\/despedida-del-li-viaje-final-de-instruccion\/","title":{"rendered":"Despedida del \u00abLI Viaje Final de Instrucci\u00f3n\u00bb"},"content":{"rendered":"<p>[vc_row][vc_column][vc_column_text css=\u00bb.vc_custom_1510320286344{padding-right: 2em !important;}\u00bb]<\/p>\n<p style=\"text-align: justify;\">El Viaje Final de Instrucci\u00f3n representa la culminaci\u00f3n de una larga carrera como Cadetes para dar lugar a una nueva etapa en la vida militar. Este viaje permite realizar los estudios y pr\u00e1cticas necesarias para la formaci\u00f3n profesional del futuro oficial de la Fuerza A\u00e9rea Argentina.<br \/>\nEste a\u00f1o el itinerario de la Delegaci\u00f3n se centra en el Reino de Espa\u00f1a, conociendo ciudades como Madrid, Getafe, Sevilla y Granada, entre otras.<\/p>\n<p style=\"text-align: justify;\">Por tal motivo, el 06 de noviembre se realiz\u00f3 una ceremonia de despedida a los cadetes de IV a\u00f1o de la Escuela de Aviaci\u00f3n Militar, en la Plaza de Armas General San Mart\u00edn.<\/p>\n<p style=\"text-align: justify;\">La ceremonia fue presidida por el Jefe del Estado Mayor General de la Fuerza A\u00e9rea Argentina, Brigadier\u00a0 General \u201cVGM\u201d D. Enrique V\u00edctor AMREIN, quien estuvo acompa\u00f1ado por la Secretaria de Servicios Log\u00edsticos para la Defensa y Coordinaci\u00f3n Militar en Emergencias, Sra. Graciela Susana VILLATA y por autoridades nacionales y locales de la Fuerza A\u00e9rea.<\/p>\n<p style=\"text-align: justify;\">Las palabras alusivas estuvieron a cargo del Director de la Escuela de Aviaci\u00f3n Militar y Jefe de la Delegaci\u00f3n Viaje Final, Brigadier D. Jos\u00e9 Mar\u00eda ACTIS, quien hizo referencia a este viaje como parte de un complejo plan de estudios que busca la calidad educativa, permitiendo ampliar la idea del Ser Militar, conociendo rasgos y virtudes particulares, los medios que operan y c\u00f3mo piensan y act\u00faan en otras Fuerzas A\u00e9reas del mundo. Tambi\u00e9n expres\u00f3 entre sus palabras: \u201cSe convertir\u00e1n en representantes de nuestro pa\u00eds en otras latitudes, deben sentirse plenos y honrados de llevar el s\u00edmbolo patrio bordados en sus uniformes. Ustedes son la imagen viva de un pa\u00eds y de una Instituci\u00f3n, orgullosos de sus tradiciones, de su gente, de su valor, de ser buenas personas y de soldados que supieron c\u00f3mo defender a la patria cuando ello fue necesario\u201d.<\/p>\n<p style=\"text-align: justify;\">Para finalizar, el Brigadier felicit\u00f3 a los Cadetes por los logros alcanzados y los inst\u00f3 a aprovechar y disfrutar la experiencia de este viaje para completar esta etapa de formaci\u00f3n profesional.<\/p>\n<p style=\"text-align: justify;\">La ceremonia finaliz\u00f3 con la lectura de la Resoluci\u00f3n de Orden de Partida, la cual autoriza al inicio del Viaje Final de Instrucci\u00f3n y el posterior saludo protocolar de las autoridades a toda la delegaci\u00f3n.<\/p>\n<p>[\/vc_column_text][vc_gallery type=\u00bbimage_grid\u00bb images=\u00bb4081,4080,4079,4078,4077,4076,4075,4074,4073,4072,4071&#8243;][\/vc_column][\/vc_row]<\/p>\n","protected":false},"excerpt":{"rendered":"<p>El Viaje Final de Instrucci\u00f3n representa la culminaci\u00f3n de una larga carrera como Cadetes para dar lugar a una nueva etapa en la vida militar. Este viaje permite realizar los estudios y pr\u00e1cticas necesarias para la formaci\u00f3n profesional del futuro oficial de la Fuerza A\u00e9rea Argentina.<\/p>\n","protected":false},"author":3,"featured_media":4070,"comment_status":"closed","ping_status":"closed","sticky":false,"template":"","format":"standard","meta":{"_joinchat":[],"footnotes":""},"categories":[2995],"tags":[95,97,127],"class_list":["post-4069","post","type-post","status-publish","format-standard","has-post-thumbnail","hentry","category-noticias-2","tag-eam","tag-ser-uno-entre-mil","tag-viaje-final"],"_links":{"self":[{"href":"http:\/\/www.eam.iua.edu.ar\/eam\/wp-json\/wp\/v2\/posts\/4069","targetHints":{"allow":["GET"]}}],"collection":[{"href":"http:\/\/www.eam.iua.edu.ar\/eam\/wp-json\/wp\/v2\/posts"}],"about":[{"href":"http:\/\/www.eam.iua.edu.ar\/eam\/wp-json\/wp\/v2\/types\/post"}],"author":[{"embeddable":true,"href":"http:\/\/www.eam.iua.edu.ar\/eam\/wp-json\/wp\/v2\/users\/3"}],"replies":[{"embeddable":true,"href":"http:\/\/www.eam.iua.edu.ar\/eam\/wp-json\/wp\/v2\/comments?post=4069"}],"version-history":[{"count":4,"href":"http:\/\/www.eam.iua.edu.ar\/eam\/wp-json\/wp\/v2\/posts\/4069\/revisions"}],"predecessor-version":[{"id":4085,"href":"http:\/\/www.eam.iua.edu.ar\/eam\/wp-json\/wp\/v2\/posts\/4069\/revisions\/4085"}],"wp:featuredmedia":[{"embeddable":true,"href":"http:\/\/www.eam.iua.edu.ar\/eam\/wp-json\/wp\/v2\/media\/4070"}],"wp:attachment":[{"href":"http:\/\/www.eam.iua.edu.ar\/eam\/wp-json\/wp\/v2\/media?parent=4069"}],"wp:term":[{"taxonomy":"category","embeddable":true,"href":"http:\/\/www.eam.iua.edu.ar\/eam\/wp-json\/wp\/v2\/categories?post=4069"},{"taxonomy":"post_tag","embeddable":true,"href":"http:\/\/www.eam.iua.edu.ar\/eam\/wp-json\/wp\/v2\/tags?post=4069"}],"curies":[{"name":"wp","href":"https:\/\/api.w.org\/{rel}","templated":true}]}}