{"id":4207,"date":"2017-11-15T09:51:26","date_gmt":"2017-11-15T12:51:26","guid":{"rendered":"http:\/\/www.eam2.iua.edu.ar\/eam\/?p=4207"},"modified":"2020-05-13T19:25:06","modified_gmt":"2020-05-13T22:25:06","slug":"seminario-tormenta-conjunta-2017","status":"publish","type":"post","link":"http:\/\/www.eam.iua.edu.ar\/eam\/seminario-tormenta-conjunta-2017\/","title":{"rendered":"Seminario \u201cTormenta Conjunta 2017\u201d"},"content":{"rendered":"<p>[vc_row][vc_column][vc_column_text css=\u00bb.vc_custom_1510750251825{padding-right: 2em !important;}\u00bb]<\/p>\n<p style=\"text-align: justify\">Organizado por el Colegio Militar de la Naci\u00f3n, reuni\u00f3 tanto Cadetes de las Fuerzas Armadas (FF.AA.) como as\u00ed tambi\u00e9n a estudiantes de diversas carreras universitarias.<br \/>\nDesde el 24 al 26 de octubre se realiz\u00f3, en el Colegio Militar de la Naci\u00f3n, el III Seminario Interfuerzas \u201cTormenta Conjunta\u201d.<\/p>\n<p style=\"text-align: justify\">El mismo reuni\u00f3 tanto a Cadetes e Instructores del mencionado Instituto de Formaci\u00f3n, de la Escuela de Aviaci\u00f3n Militar y de la Escuela Naval Militar como as\u00ed tambi\u00e9n a docentes y alumnos de las carreras de Ciencias Sociales y Ciencias Pol\u00edticas, Derecho y Relaciones Internacionales de la Universidad de Buenos Aires (UBA), Universidad Cat\u00f3lica Argentina (UCA), Universidad Argentina de la Empresa (UADE) y Universidad Nacional de Lomas de Zamora.<\/p>\n<p style=\"text-align: justify\">Durante la jornada de apertura, elDirector General de Educaci\u00f3n del Ej\u00e9rcito, General de Brigada Carlos Podio, asever\u00f3:\u00a0<strong><em>\u201cNo se imaginan la importancia que tiene para el pa\u00eds la tarea que como futuros dirigentes de la Naci\u00f3n tiene la labor que est\u00e1n desarrollando hoy en el Colegio Militar de la Naci\u00f3n\u201d<\/em><\/strong><em>.<\/em><\/p>\n<p style=\"text-align: justify\">A lo largo de las tres jornadas, y con el objetivo de poner de relieve la construcci\u00f3n del conocimiento desde el punto de vista pedag\u00f3gico sobre la Guerra del Golfo P\u00e9rsico, los Cadetes de las mencionadas Fuerzas Armadas expusieron sobre la operaci\u00f3n \u201cTormenta del Desierto\u201d que sucedi\u00f3 en 1991 y durante la cual nuestro pa\u00eds intervino. Asimismo, analizaron el desempe\u00f1o t\u00e1ctico de los componentes a\u00e9reo, naval y terrestre justificando y argumentando las nuevas doctrinas de integraci\u00f3n de las FF.AA.<\/p>\n<p style=\"text-align: justify\">Cabe mencionar que los Cadetes de cada una de las FF.AA. simularon una situaci\u00f3n de guerra donde interven\u00edan de acuerdo a sus componentes. En tanto, los alumnos civiles analizaron las\u00a0contingencias\u00a0b\u00e9licas, desde la \u00f3rbita de las disciplinas que corresponden a la\u00a0diplomacia, el\u00a0derecho y\u00a0la\u00a0conducci\u00f3n\u00a0pol\u00edtica del Estado. Por otra parte, remarcaron la importancia del rol e intervenci\u00f3n de los medios de comunicaci\u00f3n y el desenvolvimiento de la sociedad toda durante una guerra.<\/p>\n<h5 style=\"text-align: justify\"><strong>Actividades y balance<\/strong><\/h5>\n<p style=\"text-align: left\">A lo largo del citado encuentro estuvieron presentes representantes tanto del Ministerio de Defensa, como de las casas de altos estudios mencionadas, quienes junto al resto de asistentes visitaron distintas \u00e1reas del Colegio Militar de la Naci\u00f3n.<\/p>\n<p style=\"text-align: justify\">Al finalizar la tercera edici\u00f3n de este encuentro, los organizadores manifestaron que tuvo un balance \u201caltamente positivo\u201d y que pretende una nueva edici\u00f3n para el a\u00f1o pr\u00f3ximo.<\/p>\n<p style=\"text-align: justify\">Finalmente, durante una entrevista telef\u00f3nica, el coordinador del seminario Cnel. (R) H\u00e9ctor Gallardo, asegur\u00f3 que <strong><em>\u00ab<\/em><\/strong><em><strong>adem\u00e1s de los fines acad\u00e9micos<\/strong>,<\/em> <strong><em>\u2018El Tormenta Conjunta\u2019 es una oportunidad para que j\u00f3venes de edades similares\u00a0estrechen lazos\u00a0que potencialmente se transformar\u00e1n en fundamentales\u00a0puentes de integraci\u00f3n\u00a0entre las futuras generaciones de dirigentes en las distintas actividades p\u00fablicas y privadas del pa\u00eds\u00bb<\/em><\/strong>.<\/p>\n<p>[\/vc_column_text][vc_gallery type=\u00bbimage_grid\u00bb images=\u00bb4222,4221,4219,4218&#8243;][\/vc_column][\/vc_row]<\/p>\n","protected":false},"excerpt":{"rendered":"<p>Organizado por el Colegio Militar de la Naci\u00f3n, reuni\u00f3 tanto Cadetes de las Fuerzas Armadas (FF.AA.) como as\u00ed tambi\u00e9n a estudiantes de diversas carreras universitarias.<\/p>\n","protected":false},"author":7,"featured_media":4222,"comment_status":"closed","ping_status":"closed","sticky":false,"template":"","format":"standard","meta":{"_joinchat":[],"footnotes":""},"categories":[2995],"tags":[95,144,145,97,128],"class_list":["post-4207","post","type-post","status-publish","format-standard","has-post-thumbnail","hentry","category-noticias-2","tag-eam","tag-escuela-naval-militar","tag-guerra-del-golfo-persico","tag-ser-uno-entre-mil","tag-tormenta-conjunta"],"_links":{"self":[{"href":"http:\/\/www.eam.iua.edu.ar\/eam\/wp-json\/wp\/v2\/posts\/4207","targetHints":{"allow":["GET"]}}],"collection":[{"href":"http:\/\/www.eam.iua.edu.ar\/eam\/wp-json\/wp\/v2\/posts"}],"about":[{"href":"http:\/\/www.eam.iua.edu.ar\/eam\/wp-json\/wp\/v2\/types\/post"}],"author":[{"embeddable":true,"href":"http:\/\/www.eam.iua.edu.ar\/eam\/wp-json\/wp\/v2\/users\/7"}],"replies":[{"embeddable":true,"href":"http:\/\/www.eam.iua.edu.ar\/eam\/wp-json\/wp\/v2\/comments?post=4207"}],"version-history":[{"count":4,"href":"http:\/\/www.eam.iua.edu.ar\/eam\/wp-json\/wp\/v2\/posts\/4207\/revisions"}],"predecessor-version":[{"id":4812,"href":"http:\/\/www.eam.iua.edu.ar\/eam\/wp-json\/wp\/v2\/posts\/4207\/revisions\/4812"}],"wp:featuredmedia":[{"embeddable":true,"href":"http:\/\/www.eam.iua.edu.ar\/eam\/wp-json\/wp\/v2\/media\/4222"}],"wp:attachment":[{"href":"http:\/\/www.eam.iua.edu.ar\/eam\/wp-json\/wp\/v2\/media?parent=4207"}],"wp:term":[{"taxonomy":"category","embeddable":true,"href":"http:\/\/www.eam.iua.edu.ar\/eam\/wp-json\/wp\/v2\/categories?post=4207"},{"taxonomy":"post_tag","embeddable":true,"href":"http:\/\/www.eam.iua.edu.ar\/eam\/wp-json\/wp\/v2\/tags?post=4207"}],"curies":[{"name":"wp","href":"https:\/\/api.w.org\/{rel}","templated":true}]}}