{"id":4535,"date":"2017-11-30T09:51:52","date_gmt":"2017-11-30T12:51:52","guid":{"rendered":"http:\/\/www.eam2.iua.edu.ar\/eam\/?p=4535"},"modified":"2020-05-13T19:25:01","modified_gmt":"2020-05-13T22:25:01","slug":"ceremonia-despedida-de-personal-militar-subalterno-que-paso-situacion-de-retiro","status":"publish","type":"post","link":"http:\/\/www.eam.iua.edu.ar\/eam\/ceremonia-despedida-de-personal-militar-subalterno-que-paso-situacion-de-retiro\/","title":{"rendered":"Ceremonia Despedida de Personal Militar Subalterno que pas\u00f3 a Situaci\u00f3n de Retiro"},"content":{"rendered":"<p>[vc_row][vc_column][vc_column_text css=\u00bb.vc_custom_1512478080429{padding-right: 2em !important;}\u00bb]<\/p>\n<p style=\"text-align: justify;\">El pasado 29 de Noviembre se realiz\u00f3 la ceremonia de despedida de los Suboficiales Mayores y Principales que pasaron a situaci\u00f3n de retiro.<\/p>\n<p style=\"text-align: justify;\">El emotivo encuentro tuvo lugar en la Plaza de Armas de la Escuela de Aviaci\u00f3n Militar y fue presidida por el Director del Instituto\u00a0 Brigadier D. Jos\u00e9 Mar\u00eda ACTIS,\u00a0 y de la cual participaron personal militar superior en situaci\u00f3n de retiro y en actividad, Veteranos de Guerra de Malvinas, familiares e invitados especiales.<\/p>\n<p style=\"text-align: justify;\">Luego de la invocaci\u00f3n religiosa que pronunci\u00f3 el Jefe del Servicio Religioso de la Guarnici\u00f3n A\u00e9rea C\u00f3rdoba, Presb\u00edtero Sergio Omar FOCHESATO,\u00a0 se ley\u00f3 la orden del d\u00eda y se realiz\u00f3 la entrega de diplomas y medallas para el personal que pasa a situaci\u00f3n de retiro.<br \/>\nDurante la misma ceremonia se realiz\u00f3 adem\u00e1s el cambio de Suboficial de Unidad de la Escuela de Aviaci\u00f3n Militar.<\/p>\n<p style=\"text-align: justify;\">Las palabras alusivas estuvieron a cargo del Suboficial de Unidad saliente, S.M. Ariel F. PALMERO, quien con mucha emoci\u00f3n se dirigi\u00f3 a sus camaradas: \u201c\u2026 lo dif\u00edcil es convencerse que lleg\u00f3 el d\u00eda, pero es m\u00e1s f\u00e1cil aun cuando estamos seguros de haber hecho las cosas con amor, de haber escrito las p\u00e1ginas con sudor, porque as\u00ed se logran los objetivos\u201d.<\/p>\n<p style=\"text-align: justify;\">\u201cTodo se puede, con confianza, lealtad, hombr\u00eda de bien, sacrificio, empe\u00f1o, dedicaci\u00f3n y sinti\u00e9ndonos part\u00edcipes de la educaci\u00f3n, cada uno de nosotros podemos hacer que las cosas funcionen a\u00fan mejor\u201d, resalt\u00f3 en otro tramo de su discurso.<\/p>\n<p style=\"text-align: justify;\">Para finalizar la ceremonia, se dio lectura a la orden del d\u00eda que designa al Suboficial Mayor Gustavo Alberto FIORIO como nuevo Suboficial de Unidad y el Director de la Escuela de Aviaci\u00f3n Militar le entreg\u00f3 al S.M PALMERO un presente recordatorio.<\/p>\n<p>[\/vc_column_text][vc_empty_space height=\u00bb2em\u00bb][vc_gallery type=\u00bbimage_grid\u00bb images=\u00bb4545,4544,4543,4542,4541,4540,4539,4538,4537,4536&#8243;][\/vc_column][\/vc_row]<\/p>\n","protected":false},"excerpt":{"rendered":"<p>El pasado 29 de Noviembre se realiz\u00f3 la ceremonia de despedida de los Suboficiales Mayores y Principales que pasaron a situaci\u00f3n de retiro.<br \/>\nEl emotivo encuentro tuvo lugar en la Plaza de Armas de la Escuela de Aviaci\u00f3n Militar y fue presidida por el Director del Instituto  Brigadier D. Jos\u00e9 Mar\u00eda ACTIS,  y de la cual participaron personal militar superior en situaci\u00f3n de retiro y en actividad, Veteranos de Guerra de Malvinas, familiares e invitados especiales.<\/p>\n","protected":false},"author":3,"featured_media":4545,"comment_status":"closed","ping_status":"closed","sticky":false,"template":"","format":"standard","meta":{"_joinchat":[],"footnotes":""},"categories":[2995],"tags":[122],"class_list":["post-4535","post","type-post","status-publish","format-standard","has-post-thumbnail","hentry","category-noticias-2","tag-ceremonias"],"_links":{"self":[{"href":"http:\/\/www.eam.iua.edu.ar\/eam\/wp-json\/wp\/v2\/posts\/4535","targetHints":{"allow":["GET"]}}],"collection":[{"href":"http:\/\/www.eam.iua.edu.ar\/eam\/wp-json\/wp\/v2\/posts"}],"about":[{"href":"http:\/\/www.eam.iua.edu.ar\/eam\/wp-json\/wp\/v2\/types\/post"}],"author":[{"embeddable":true,"href":"http:\/\/www.eam.iua.edu.ar\/eam\/wp-json\/wp\/v2\/users\/3"}],"replies":[{"embeddable":true,"href":"http:\/\/www.eam.iua.edu.ar\/eam\/wp-json\/wp\/v2\/comments?post=4535"}],"version-history":[{"count":3,"href":"http:\/\/www.eam.iua.edu.ar\/eam\/wp-json\/wp\/v2\/posts\/4535\/revisions"}],"predecessor-version":[{"id":4548,"href":"http:\/\/www.eam.iua.edu.ar\/eam\/wp-json\/wp\/v2\/posts\/4535\/revisions\/4548"}],"wp:featuredmedia":[{"embeddable":true,"href":"http:\/\/www.eam.iua.edu.ar\/eam\/wp-json\/wp\/v2\/media\/4545"}],"wp:attachment":[{"href":"http:\/\/www.eam.iua.edu.ar\/eam\/wp-json\/wp\/v2\/media?parent=4535"}],"wp:term":[{"taxonomy":"category","embeddable":true,"href":"http:\/\/www.eam.iua.edu.ar\/eam\/wp-json\/wp\/v2\/categories?post=4535"},{"taxonomy":"post_tag","embeddable":true,"href":"http:\/\/www.eam.iua.edu.ar\/eam\/wp-json\/wp\/v2\/tags?post=4535"}],"curies":[{"name":"wp","href":"https:\/\/api.w.org\/{rel}","templated":true}]}}