{"id":4749,"date":"2018-03-09T14:35:22","date_gmt":"2018-03-09T17:35:22","guid":{"rendered":"http:\/\/www.eam2.iua.edu.ar\/eam\/?p=4749"},"modified":"2020-05-13T19:24:38","modified_gmt":"2020-05-13T22:24:38","slug":"la-e-a-m-participo-del-homenaje-al-brigadier-general-juan-facundo-quiroga","status":"publish","type":"post","link":"http:\/\/www.eam.iua.edu.ar\/eam\/la-e-a-m-participo-del-homenaje-al-brigadier-general-juan-facundo-quiroga\/","title":{"rendered":"La E.A.M particip\u00f3 del Homenaje al Brigadier General Juan Facundo Quiroga"},"content":{"rendered":"<p>[vc_row][vc_column][vc_column_text]<\/p>\n<p>El pasado viernes 9 de marzo del corriente se realiz\u00f3 el homenaje al Brigadier General Juan Facundo Quiroga en la localidad de Barranca Yaco, provincia de C\u00f3rdoba. La Escuela de Aviaci\u00f3n Militar particip\u00f3 de la emotiva ceremonia, la cual cont\u00f3 con la presencia del Gobernador de la provincia de C\u00f3rdoba, Juan SCHIARETTI y del Gobernador de la provincia de La Rioja, Dr. Sergio CASAS.<\/p>\n<p>A 183 a\u00f1os de la muerte de Facundo Quiroga, el epicentro del acto fue la plazoleta, emplazada en el Camino Real en el paraje del norte cordob\u00e9s Barranca Yaco, lugar donde fue asesinado el caudillo federal. All\u00ed, los gobernadores descubrieron un busto de tres metros del \u201cTigre de los llanos\u201d, donado por la provincia de La Rioja.<br \/>\nEn tanto, la provincia de C\u00f3rdoba instal\u00f3 un inmenso granito de las sierras cordobesas que lleva grabado un extracto de la carta que el exgobernador Juan Bautista Bustos le envi\u00f3 a Quiroga en defensa del federalismo: \u2018Es necesario hacer ver a estos serviles que no somos caciques, sino indios amantes de la libertad de nuestra Patria y nuestros pueblos\u2019.<\/p>\n<p>En el cierre de la ceremonia, se llev\u00f3 a cabo desfile c\u00edvico-militar del que participaron abanderados, agrupaciones gauchas, la Escuela de Aviaci\u00f3n Militar, el Ej\u00e9rcito Argentino, Gendarmer\u00eda Nacional, Polic\u00eda de la Provincia de C\u00f3rdoba, Servicio Penitenciario y Fuerza Policial Antinarcotr\u00e1fico.<\/p>\n<p>[\/vc_column_text][vc_empty_space][\/vc_column][\/vc_row][vc_row][vc_column][vc_gallery type=\u00bbimage_grid\u00bb images=\u00bb4750,4753,4752,4751&#8243;][\/vc_column][\/vc_row]<\/p>\n","protected":false},"excerpt":{"rendered":"<p>El pasado viernes 9 de marzo del corriente se realiz\u00f3 el homenaje al Brigadier General Juan Facundo Quiroga en la localidad de Barranca Yaco, provincia de C\u00f3rdoba.<\/p>\n","protected":false},"author":6,"featured_media":4750,"comment_status":"closed","ping_status":"closed","sticky":false,"template":"","format":"standard","meta":{"_joinchat":[],"footnotes":""},"categories":[2995],"tags":[142],"class_list":["post-4749","post","type-post","status-publish","format-standard","has-post-thumbnail","hentry","category-noticias-2","tag-homenaje"],"_links":{"self":[{"href":"http:\/\/www.eam.iua.edu.ar\/eam\/wp-json\/wp\/v2\/posts\/4749","targetHints":{"allow":["GET"]}}],"collection":[{"href":"http:\/\/www.eam.iua.edu.ar\/eam\/wp-json\/wp\/v2\/posts"}],"about":[{"href":"http:\/\/www.eam.iua.edu.ar\/eam\/wp-json\/wp\/v2\/types\/post"}],"author":[{"embeddable":true,"href":"http:\/\/www.eam.iua.edu.ar\/eam\/wp-json\/wp\/v2\/users\/6"}],"replies":[{"embeddable":true,"href":"http:\/\/www.eam.iua.edu.ar\/eam\/wp-json\/wp\/v2\/comments?post=4749"}],"version-history":[{"count":4,"href":"http:\/\/www.eam.iua.edu.ar\/eam\/wp-json\/wp\/v2\/posts\/4749\/revisions"}],"predecessor-version":[{"id":4782,"href":"http:\/\/www.eam.iua.edu.ar\/eam\/wp-json\/wp\/v2\/posts\/4749\/revisions\/4782"}],"wp:featuredmedia":[{"embeddable":true,"href":"http:\/\/www.eam.iua.edu.ar\/eam\/wp-json\/wp\/v2\/media\/4750"}],"wp:attachment":[{"href":"http:\/\/www.eam.iua.edu.ar\/eam\/wp-json\/wp\/v2\/media?parent=4749"}],"wp:term":[{"taxonomy":"category","embeddable":true,"href":"http:\/\/www.eam.iua.edu.ar\/eam\/wp-json\/wp\/v2\/categories?post=4749"},{"taxonomy":"post_tag","embeddable":true,"href":"http:\/\/www.eam.iua.edu.ar\/eam\/wp-json\/wp\/v2\/tags?post=4749"}],"curies":[{"name":"wp","href":"https:\/\/api.w.org\/{rel}","templated":true}]}}