{"id":4866,"date":"2018-03-23T11:53:52","date_gmt":"2018-03-23T14:53:52","guid":{"rendered":"http:\/\/www.eam.iua.edu.ar\/eam\/?p=4866"},"modified":"2020-05-13T19:24:37","modified_gmt":"2020-05-13T22:24:37","slug":"cadetes-de-1-ano-iniciaron-su-formacion-como-futuros-oficiales-de-la-fuerza-aerea-argentina","status":"publish","type":"post","link":"http:\/\/www.eam.iua.edu.ar\/eam\/cadetes-de-1-ano-iniciaron-su-formacion-como-futuros-oficiales-de-la-fuerza-aerea-argentina\/","title":{"rendered":"Cadetes de 1\u00b0 A\u00f1o iniciaron su formaci\u00f3n como futuros Oficiales de la Fuerza A\u00e9rea Argentina"},"content":{"rendered":"<p>[vc_row][vc_column][vc_column_text el_class=\u00bbpublicaciones\u00bb]<\/p>\n<p style=\"text-align: justify\">El pasado lunes 5 de marzo del corriente la Escuela de Aviaci\u00f3n Militar dio la bienvenida a Cadetes de I A\u00f1o pertenecientes a la Promoci\u00f3n LVXXXVII, quienes a lo largo de cuatro a\u00f1os se formar\u00e1n \u00edntegramente con una capacitaci\u00f3n profesional de excelencia.<\/p>\n<p style=\"text-align: justify\">Asimismo, realizar\u00e1n el respectivo entrenamiento militar avanzado rumbo a su futuro como Oficiales del Cuerpo Comando de la Fuerza A\u00e9rea Argentina.<\/p>\n<p style=\"text-align: justify\">Al finalizar los cuatros a\u00f1os de estudios, los Cadetes egresar\u00e1n como Oficiales de la Fuerza A\u00e9rea Argentina, con el grado de Alf\u00e9rez obteniendo adem\u00e1s la \u201cLicenciatura en Conducci\u00f3n de Recursos Aeroespaciales para la Defensa\u201d (LICRAD).<\/p>\n<p>[\/vc_column_text][vc_empty_space][\/vc_column][\/vc_row][vc_row][vc_column][vc_gallery type=\u00bbimage_grid\u00bb images=\u00bb4891,4883,4892,4885,4893&#8243;][\/vc_column][\/vc_row]<\/p>\n","protected":false},"excerpt":{"rendered":"<p>El pasado lunes 5 de marzo la Escuela de Aviaci\u00f3n Militar dio la bienvenida a Cadetes de I A\u00f1o pertenecientes a la Promoci\u00f3n LVXXXVII, quienes a lo largo de cuatro a\u00f1os se formar\u00e1n \u00edntegramente con una capacitaci\u00f3n profesional de excelencia.<\/p>\n","protected":false},"author":6,"featured_media":4893,"comment_status":"closed","ping_status":"closed","sticky":false,"template":"","format":"standard","meta":{"_joinchat":[],"footnotes":""},"categories":[2995],"tags":[96,186,97],"class_list":["post-4866","post","type-post","status-publish","format-standard","has-post-thumbnail","hentry","category-noticias-2","tag-incorporarsre","tag-ingreso","tag-ser-uno-entre-mil"],"_links":{"self":[{"href":"http:\/\/www.eam.iua.edu.ar\/eam\/wp-json\/wp\/v2\/posts\/4866","targetHints":{"allow":["GET"]}}],"collection":[{"href":"http:\/\/www.eam.iua.edu.ar\/eam\/wp-json\/wp\/v2\/posts"}],"about":[{"href":"http:\/\/www.eam.iua.edu.ar\/eam\/wp-json\/wp\/v2\/types\/post"}],"author":[{"embeddable":true,"href":"http:\/\/www.eam.iua.edu.ar\/eam\/wp-json\/wp\/v2\/users\/6"}],"replies":[{"embeddable":true,"href":"http:\/\/www.eam.iua.edu.ar\/eam\/wp-json\/wp\/v2\/comments?post=4866"}],"version-history":[{"count":9,"href":"http:\/\/www.eam.iua.edu.ar\/eam\/wp-json\/wp\/v2\/posts\/4866\/revisions"}],"predecessor-version":[{"id":5010,"href":"http:\/\/www.eam.iua.edu.ar\/eam\/wp-json\/wp\/v2\/posts\/4866\/revisions\/5010"}],"wp:featuredmedia":[{"embeddable":true,"href":"http:\/\/www.eam.iua.edu.ar\/eam\/wp-json\/wp\/v2\/media\/4893"}],"wp:attachment":[{"href":"http:\/\/www.eam.iua.edu.ar\/eam\/wp-json\/wp\/v2\/media?parent=4866"}],"wp:term":[{"taxonomy":"category","embeddable":true,"href":"http:\/\/www.eam.iua.edu.ar\/eam\/wp-json\/wp\/v2\/categories?post=4866"},{"taxonomy":"post_tag","embeddable":true,"href":"http:\/\/www.eam.iua.edu.ar\/eam\/wp-json\/wp\/v2\/tags?post=4866"}],"curies":[{"name":"wp","href":"https:\/\/api.w.org\/{rel}","templated":true}]}}