{"id":5261,"date":"2018-04-20T10:11:13","date_gmt":"2018-04-20T13:11:13","guid":{"rendered":"http:\/\/www.eam.iua.edu.ar\/eam\/?p=5261"},"modified":"2020-05-13T19:24:14","modified_gmt":"2020-05-13T22:24:14","slug":"cambio-de-jefe-del-aerodromo-militar-escuela","status":"publish","type":"post","link":"http:\/\/www.eam.iua.edu.ar\/eam\/cambio-de-jefe-del-aerodromo-militar-escuela\/","title":{"rendered":"Cambio de Jefe del Aer\u00f3dromo Militar Escuela"},"content":{"rendered":"<p>[vc_row][vc_column][vc_column_text]<\/p>\n<p style=\"text-align: justify\">El pasado 18 de abril se realiz\u00f3 la puesta en funciones del Vicecomodoro D. Juan Pablo DUVAL como nuevo Jefe del Aer\u00f3dromo Militar de la Escuela de Aviaci\u00f3n. La ceremonia estuvo presidida por el Director del Instituto, Brigadier Jos\u00e9 Mar\u00eda ACTIS, quien estuvo acompa\u00f1ado por los Jefes de Grupo, personal perteneciente al Aer\u00f3dromo Militar, Personal Militar Superior, Subalterno, Civil e invitados especiales.<\/p>\n<p>Las palabras alusivas estuvieron a cargo del Jefe del Aer\u00f3dromo saliente, Vicemodoro H\u00e9ctor H. ZAMARBIDE, quien agradeci\u00f3 a las autoridades y a los organismos superiores el apoyo recibido a lo largo de su gesti\u00f3n. Tambi\u00e9n con emoci\u00f3n record\u00f3 que durante su mandato tuvo el \u201corgullo de participar de la formaci\u00f3n de los futuros oficiales a trav\u00e9s de las tareas de la escuadrilla de volovelismo, y fundamentalmente el gran honor de participar de la formaci\u00f3n de los futuros Aviadores Militares\u201d.<\/p>\n<p>Por su parte, el Brigadier ACTIS \u00a0agradeci\u00f3 al Vicecomodoro ZAMARBIDE y a todo el grupo Aer\u00f3dromo Militar que lo acompa\u00f1\u00f3 durante los a\u00f1os de trabajo en esta Instituci\u00f3n. Luego, se efectiviz\u00f3 la puesta en funciones del Vicecomodoro DUVAL al frente del Aer\u00f3dromo Militar Escuela y se llev\u00f3 a cabo la entrega de la banderola correspondiente al Jefe del saliente.<\/p>\n<p>[\/vc_column_text][\/vc_column][\/vc_row][vc_row][vc_column][vc_empty_space][\/vc_column][\/vc_row][vc_row][vc_column][vc_gallery type=\u00bbimage_grid\u00bb images=\u00bb5264,5265,5266,5269&#8243;][\/vc_column][\/vc_row]<\/p>\n","protected":false},"excerpt":{"rendered":"<p>El pasado 18 de abril se realiz\u00f3 la puesta en funciones del Vicecomodoro D. Juan Pablo DUVAL como nuevo Jefe del Aer\u00f3dromo Militar de la Escuela de Aviaci\u00f3n.<\/p>\n","protected":false},"author":5,"featured_media":5276,"comment_status":"closed","ping_status":"closed","sticky":false,"template":"","format":"standard","meta":{"_joinchat":[],"footnotes":""},"categories":[2995],"tags":[873,122,95,874],"class_list":["post-5261","post","type-post","status-publish","format-standard","has-post-thumbnail","hentry","category-noticias-2","tag-aerodromo-militar","tag-ceremonias","tag-eam","tag-escuela-de-aviacion"],"_links":{"self":[{"href":"http:\/\/www.eam.iua.edu.ar\/eam\/wp-json\/wp\/v2\/posts\/5261","targetHints":{"allow":["GET"]}}],"collection":[{"href":"http:\/\/www.eam.iua.edu.ar\/eam\/wp-json\/wp\/v2\/posts"}],"about":[{"href":"http:\/\/www.eam.iua.edu.ar\/eam\/wp-json\/wp\/v2\/types\/post"}],"author":[{"embeddable":true,"href":"http:\/\/www.eam.iua.edu.ar\/eam\/wp-json\/wp\/v2\/users\/5"}],"replies":[{"embeddable":true,"href":"http:\/\/www.eam.iua.edu.ar\/eam\/wp-json\/wp\/v2\/comments?post=5261"}],"version-history":[{"count":3,"href":"http:\/\/www.eam.iua.edu.ar\/eam\/wp-json\/wp\/v2\/posts\/5261\/revisions"}],"predecessor-version":[{"id":5270,"href":"http:\/\/www.eam.iua.edu.ar\/eam\/wp-json\/wp\/v2\/posts\/5261\/revisions\/5270"}],"wp:featuredmedia":[{"embeddable":true,"href":"http:\/\/www.eam.iua.edu.ar\/eam\/wp-json\/wp\/v2\/media\/5276"}],"wp:attachment":[{"href":"http:\/\/www.eam.iua.edu.ar\/eam\/wp-json\/wp\/v2\/media?parent=5261"}],"wp:term":[{"taxonomy":"category","embeddable":true,"href":"http:\/\/www.eam.iua.edu.ar\/eam\/wp-json\/wp\/v2\/categories?post=5261"},{"taxonomy":"post_tag","embeddable":true,"href":"http:\/\/www.eam.iua.edu.ar\/eam\/wp-json\/wp\/v2\/tags?post=5261"}],"curies":[{"name":"wp","href":"https:\/\/api.w.org\/{rel}","templated":true}]}}