{"id":5741,"date":"2018-05-23T18:31:10","date_gmt":"2018-05-23T21:31:10","guid":{"rendered":"http:\/\/www.eam.iua.edu.ar\/eam\/?p=5741"},"modified":"2020-05-13T19:24:01","modified_gmt":"2020-05-13T22:24:01","slug":"entrega-de-uniformes-y-sables-a-cadetes-de-1-ano","status":"publish","type":"post","link":"http:\/\/www.eam.iua.edu.ar\/eam\/entrega-de-uniformes-y-sables-a-cadetes-de-1-ano\/","title":{"rendered":"Entrega de Uniformes y Sables a Cadetes de 1\u00b0 A\u00f1o"},"content":{"rendered":"<p>[vc_row][vc_column][vc_column_text el_class=\u00bbpublicaciones\u00bb]El viernes 18 de Mayo se llev\u00f3 a cabo en la Escuela de Aviaci\u00f3n Militar, la Ceremonia de Ascenso de Suboficiales Cadetes, Cadetes de IV a\u00f1o a Suboficiales Cadetes y Entrega de Uniformes a Cadetes de Primer A\u00f1o de la Promoci\u00f3n LXXXVII.<\/p>\n<p>La misma estuvo presidida por el Jefe de Estado Mayor General de la Fuerza A\u00e9rea Argentina, Brigadier General \u201cVGM\u201d D. Enrique V\u00edctor AMREIN, acompa\u00f1ado por la Secretaria de Gesti\u00f3n Presupuestaria y Control del Ministerio de Defensa, Sra. Graciela VILLATA, el Subjefe del Estado Mayor General de la FAA, Brigadier D. Gustavo TESTONI, el Director General de Educaci\u00f3n, Brigadier D. Mario COLAIZZO, Brigadieres en actividad y en situaci\u00f3n de retiro, Jefes de Unidades de la Guarnici\u00f3n A\u00e9rea C\u00f3rdoba, Jefes de Grupo, personal docente y civil del Instituto y familiares de los Cadetes.<\/p>\n<p>Luego de entonar las estrofas del Himno Nacional Argentino, el Director de la Escuela de Aviaci\u00f3n Militar, Brigadier D. Jos\u00e9 Mar\u00eda ACTIS, brind\u00f3 un emotivo y sentido discurso:<\/p>\n<p><em>\u201cHoy de manera especial deben sentir la profunda emoci\u00f3n y orgullo de portar el mismo uniforme de quienes los han precedido y que han dado muestras acabadas de cumplir su juramento con absoluta y total entrega, sean dignos y valientes herederos de nuestros h\u00e9roes para servir a la Patria\u201d<\/em><\/p>\n<p>Adem\u00e1s, agreg\u00f3: <em>\u201cRecuerden que el sable representa los atributos de mando del oficial y al igual que el uniforme que a partir de hoy lucen, est\u00e1n cargados de simbolismos y tradiciones\u201d<\/em>.<\/p>\n<p>A continuaci\u00f3n, se procedi\u00f3 a la entrega de diplomas a los Suboficiales Cadetes y Cadetes de 4to a\u00f1o que ascendieron al grado inmediato superior.<\/p>\n<p>Posteriormente, el Jefe del Servicio Religioso de la Guarnici\u00f3n A\u00e9rea C\u00f3rdoba, Monse\u00f1or Germ\u00e1n CARMONA bendijo los uniformes y sables de los Cadetes de 1\u00b0 A\u00f1o e inmediatamente se realiz\u00f3 la entrega de uniformes y sables a los mismos.<\/p>\n<p>En el cierre del emotivo evento, se realiz\u00f3 un desfile terrestre del Cuerpo de Cadetes y aeronaves T-6C TEXAN II y GROB G120 TP realizaron pasajes a\u00e9reos.[\/vc_column_text][\/vc_column][\/vc_row][vc_row][vc_column][vc_empty_space][\/vc_column][\/vc_row][vc_row][vc_column][vc_gallery type=\u00bbimage_grid\u00bb images=\u00bb5772,5758,5745,5780,5756,5765,5751,5782,5754,5752,5753,5783,5743,5760,5778,5744&#8243;][\/vc_column][\/vc_row]<\/p>\n","protected":false},"excerpt":{"rendered":"<p>El viernes 18 de Mayo se llev\u00f3 a cabo en la Escuela de Aviaci\u00f3n Militar, la Ceremonia de Ascenso de Suboficiales Cadetes, Cadetes de IV a\u00f1o a Suboficiales Cadetes y Entrega de Uniformes a Cadetes de Primer A\u00f1o de la Promoci\u00f3n LXXXVII.<\/p>\n","protected":false},"author":6,"featured_media":5783,"comment_status":"closed","ping_status":"closed","sticky":false,"template":"","format":"standard","meta":{"_joinchat":[],"footnotes":""},"categories":[2995],"tags":[221,121,95,1330,1259,97],"class_list":["post-5741","post","type-post","status-publish","format-standard","has-post-thumbnail","hentry","category-noticias-2","tag-cadetes","tag-cuerpo-cadetes","tag-eam","tag-entrega-de-uniformes-y-sables","tag-fuerza-aerea-argentina","tag-ser-uno-entre-mil"],"_links":{"self":[{"href":"http:\/\/www.eam.iua.edu.ar\/eam\/wp-json\/wp\/v2\/posts\/5741","targetHints":{"allow":["GET"]}}],"collection":[{"href":"http:\/\/www.eam.iua.edu.ar\/eam\/wp-json\/wp\/v2\/posts"}],"about":[{"href":"http:\/\/www.eam.iua.edu.ar\/eam\/wp-json\/wp\/v2\/types\/post"}],"author":[{"embeddable":true,"href":"http:\/\/www.eam.iua.edu.ar\/eam\/wp-json\/wp\/v2\/users\/6"}],"replies":[{"embeddable":true,"href":"http:\/\/www.eam.iua.edu.ar\/eam\/wp-json\/wp\/v2\/comments?post=5741"}],"version-history":[{"count":6,"href":"http:\/\/www.eam.iua.edu.ar\/eam\/wp-json\/wp\/v2\/posts\/5741\/revisions"}],"predecessor-version":[{"id":6242,"href":"http:\/\/www.eam.iua.edu.ar\/eam\/wp-json\/wp\/v2\/posts\/5741\/revisions\/6242"}],"wp:featuredmedia":[{"embeddable":true,"href":"http:\/\/www.eam.iua.edu.ar\/eam\/wp-json\/wp\/v2\/media\/5783"}],"wp:attachment":[{"href":"http:\/\/www.eam.iua.edu.ar\/eam\/wp-json\/wp\/v2\/media?parent=5741"}],"wp:term":[{"taxonomy":"category","embeddable":true,"href":"http:\/\/www.eam.iua.edu.ar\/eam\/wp-json\/wp\/v2\/categories?post=5741"},{"taxonomy":"post_tag","embeddable":true,"href":"http:\/\/www.eam.iua.edu.ar\/eam\/wp-json\/wp\/v2\/tags?post=5741"}],"curies":[{"name":"wp","href":"https:\/\/api.w.org\/{rel}","templated":true}]}}