{"id":5902,"date":"2018-06-07T09:59:45","date_gmt":"2018-06-07T12:59:45","guid":{"rendered":"http:\/\/www.eam.iua.edu.ar\/eam\/?p=5902"},"modified":"2020-05-13T19:23:54","modified_gmt":"2020-05-13T22:23:54","slug":"la-acampada-anual-se-realizo-en-casa-de-retiro-nazaret","status":"publish","type":"post","link":"http:\/\/www.eam.iua.edu.ar\/eam\/la-acampada-anual-se-realizo-en-casa-de-retiro-nazaret\/","title":{"rendered":"Cadetes de I A\u00f1o de la Escuela de Aviaci\u00f3n Militar realizaron la Acampada Anual"},"content":{"rendered":"<p>[vc_row][vc_column][vc_column_text el_class=\u00bbpublicaciones\u00bb]Durante dos d\u00edas 26 y 27 de abril y se llevaron a cabo las actividades complementarias al programa de Instrucci\u00f3n Militar donde los <a href=\"http:\/\/www.eam.iua.edu.ar\/eam\/formacion-de-cadete\/#vidacadete\" target=\"_blank\" rel=\"noopener noreferrer\">Cadetes<\/a> de I A\u00f1o de la <a href=\"http:\/\/www.eam.iua.edu.ar\">Escuela de Aviaci\u00f3n Militar<\/a> realizaron la <a href=\"http:\/\/obispadocastrenseargentina.org\/2013\/04\/primera-acampada-anual-de-los-cadetes-de-la-escuela-de-aviacion-militar\/\" target=\"_blank\" rel=\"noopener noreferrer\">Acampada Anual <\/a>en la <a href=\"http:\/\/www.cordobaturismo.gov.ar\/audioguia\/255\/\" target=\"_blank\" rel=\"noopener noreferrer\">Casa de Retiro \u201cNazaret\u201d del Seminario Mayor de C\u00f3rdoba<\/a>, ubicada en Villa Los Molinos (Valle de Calamuchita).<\/p>\n<p>All\u00ed compartieron diversas actividades con el objeto de incrementar su formaci\u00f3n espiritual, \u00e9tica y moral, afianzando aptitudes \u00e9tico militares tales como: entusiasmo, esp\u00edritu de equipo, lealtad, responsabilidad, sentido de la disciplina y voluntad, todo lo cual les permitir\u00e1 afrontar las exigencias y sacrificios propios de la vida militar. La tem\u00e1tica desarrollada se centr\u00f3 sobre la necesidad de formar el grupo humano que compone al curso de I A\u00f1o.<\/p>\n<p>El Capell\u00e1n Monse\u00f1or Germ\u00e1n Carmona y el Presb\u00edtero Sergio Danielis, tuvieron a su cargo el desarrollo de las actividades formativas supervisados por los Oficiales Instructores del <a href=\"http:\/\/www.eam.iua.edu.ar\/eam\/72o-aniversario-del-cuerpo-de-cadetes-de-la-escuela-de-aviacion-militar\/\">Cuerpo de Cadetes<\/a> de La Escuela de Aviaci\u00f3n Militar.<\/p>\n<p>Por \u00faltimo, la celebraci\u00f3n de la Santa Misa fue el momento culminante de ambos d\u00edas, poniendo a los pies del altar las inquietudes y necesidades de cada uno de los miembros de la Promoci\u00f3n LXXXVII.[\/vc_column_text][\/vc_column][\/vc_row][vc_row][vc_column][vc_gallery type=\u00bbimage_grid\u00bb images=\u00bb5917,5919,5918&#8243; el_class=\u00bbpublicaciones\u00bb][\/vc_column][\/vc_row]<\/p>\n","protected":false},"excerpt":{"rendered":"<p>Cadetes del primer curso compartieron diversas actividades de formaci\u00f3n, recreaci\u00f3n, sana camarader\u00eda, reflexi\u00f3n personal y grupal, como parte del programa de instrucci\u00f3n para la integraci\u00f3n del grupo humano. <\/p>\n","protected":false},"author":7,"featured_media":5920,"comment_status":"closed","ping_status":"closed","sticky":false,"template":"","format":"standard","meta":{"_joinchat":[],"footnotes":""},"categories":[2995],"tags":[1043,121,95,110,131,97],"class_list":["post-5902","post","type-post","status-publish","format-standard","has-post-thumbnail","hentry","category-noticias-2","tag-acampada","tag-cuerpo-cadetes","tag-eam","tag-instructor-militar","tag-misa","tag-ser-uno-entre-mil"],"_links":{"self":[{"href":"http:\/\/www.eam.iua.edu.ar\/eam\/wp-json\/wp\/v2\/posts\/5902","targetHints":{"allow":["GET"]}}],"collection":[{"href":"http:\/\/www.eam.iua.edu.ar\/eam\/wp-json\/wp\/v2\/posts"}],"about":[{"href":"http:\/\/www.eam.iua.edu.ar\/eam\/wp-json\/wp\/v2\/types\/post"}],"author":[{"embeddable":true,"href":"http:\/\/www.eam.iua.edu.ar\/eam\/wp-json\/wp\/v2\/users\/7"}],"replies":[{"embeddable":true,"href":"http:\/\/www.eam.iua.edu.ar\/eam\/wp-json\/wp\/v2\/comments?post=5902"}],"version-history":[{"count":6,"href":"http:\/\/www.eam.iua.edu.ar\/eam\/wp-json\/wp\/v2\/posts\/5902\/revisions"}],"predecessor-version":[{"id":9468,"href":"http:\/\/www.eam.iua.edu.ar\/eam\/wp-json\/wp\/v2\/posts\/5902\/revisions\/9468"}],"wp:featuredmedia":[{"embeddable":true,"href":"http:\/\/www.eam.iua.edu.ar\/eam\/wp-json\/wp\/v2\/media\/5920"}],"wp:attachment":[{"href":"http:\/\/www.eam.iua.edu.ar\/eam\/wp-json\/wp\/v2\/media?parent=5902"}],"wp:term":[{"taxonomy":"category","embeddable":true,"href":"http:\/\/www.eam.iua.edu.ar\/eam\/wp-json\/wp\/v2\/categories?post=5902"},{"taxonomy":"post_tag","embeddable":true,"href":"http:\/\/www.eam.iua.edu.ar\/eam\/wp-json\/wp\/v2\/tags?post=5902"}],"curies":[{"name":"wp","href":"https:\/\/api.w.org\/{rel}","templated":true}]}}