{"id":6076,"date":"2017-03-23T08:44:52","date_gmt":"2017-03-23T11:44:52","guid":{"rendered":"http:\/\/www.eam.iua.edu.ar\/eam\/?p=6076"},"modified":"2020-05-13T19:27:21","modified_gmt":"2020-05-13T22:27:21","slug":"visita-de-comitiva-de-la-fuerza-aerea-de-los-ee-uu-a-la-eam","status":"publish","type":"post","link":"http:\/\/www.eam.iua.edu.ar\/eam\/visita-de-comitiva-de-la-fuerza-aerea-de-los-ee-uu-a-la-eam\/","title":{"rendered":"Visita de Comitiva de la Fuerza A\u00e9rea de los EE.UU. a la EAM"},"content":{"rendered":"<p>[vc_row][vc_column][vc_column_text el_class=\u00bbpublicaciones\u00bb]El pasado 14 de marzo, la Escuela de Aviaci\u00f3n Militar recibi\u00f3 la visita de una comitiva de la Fuerza A\u00e9rea de los EE.UU., encabezada por el Comandante de la Fuerzas A\u00e9reas del Sur de los Estados Unidos de Am\u00e9rica, Lieutenant General D. Mark D. KELLY.<\/p>\n<p>La comitiva fue recibida por el Subdirector General de Educaci\u00f3n, Brigadier D. Mario Osvaldo COLAIZZO y por el Director de la Escuela de Aviaci\u00f3n Militar, Brigadier D. Jos\u00e9 Mar\u00eda ACTIS. Los visitantes conocieron el Escuadr\u00f3n Estudios donde se les brind\u00f3 una exposici\u00f3n acerca de las actividades que se desarrollan en la Instituci\u00f3n.<\/p>\n<p>Luego, recorrieron el Grupo T\u00e9cnico Escuela y el Grupo A\u00e9reo Escuela, lugar f\u00edsico donde se imparte el Curso B\u00e1sico de Aviador Militar (CBCAM) y donde apreciaron los sistemas de armas que operan en el Instituto.<br \/>\nPosteriormente, visitaron la \u201cSala de Honor\u201d y \u201cSala de Malvinas\u201d del Cuerpo de Cadetes, para finalizar con un Almuerzo de Camarader\u00eda.[\/vc_column_text][vc_empty_space][vc_gallery type=\u00bbimage_grid\u00bb images=\u00bb6077,6078,6079,6080,6081,6082&#8243;][\/vc_column][\/vc_row]<\/p>\n","protected":false},"excerpt":{"rendered":"<p>[vc_row][vc_column][vc_column_text el_class=\u00bbpublicaciones\u00bb]El pasado 14 de marzo, la Escuela de Aviaci\u00f3n Militar recibi\u00f3 la visita de una comitiva de la Fuerza A\u00e9rea de los EE.UU., encabezada por el Comandante de la Fuerzas A\u00e9reas del Sur de los Estados Unidos de Am\u00e9rica, Lieutenant General D. Mark D. KELLY. La comitiva fue recibida por el Subdirector General de [&hellip;]<\/p>\n","protected":false},"author":1,"featured_media":6081,"comment_status":"closed","ping_status":"closed","sticky":false,"template":"","format":"standard","meta":{"_joinchat":[],"footnotes":""},"categories":[2995],"tags":[1514,95],"class_list":["post-6076","post","type-post","status-publish","format-standard","has-post-thumbnail","hentry","category-noticias-2","tag-air-force","tag-eam"],"_links":{"self":[{"href":"http:\/\/www.eam.iua.edu.ar\/eam\/wp-json\/wp\/v2\/posts\/6076","targetHints":{"allow":["GET"]}}],"collection":[{"href":"http:\/\/www.eam.iua.edu.ar\/eam\/wp-json\/wp\/v2\/posts"}],"about":[{"href":"http:\/\/www.eam.iua.edu.ar\/eam\/wp-json\/wp\/v2\/types\/post"}],"author":[{"embeddable":true,"href":"http:\/\/www.eam.iua.edu.ar\/eam\/wp-json\/wp\/v2\/users\/1"}],"replies":[{"embeddable":true,"href":"http:\/\/www.eam.iua.edu.ar\/eam\/wp-json\/wp\/v2\/comments?post=6076"}],"version-history":[{"count":3,"href":"http:\/\/www.eam.iua.edu.ar\/eam\/wp-json\/wp\/v2\/posts\/6076\/revisions"}],"predecessor-version":[{"id":6097,"href":"http:\/\/www.eam.iua.edu.ar\/eam\/wp-json\/wp\/v2\/posts\/6076\/revisions\/6097"}],"wp:featuredmedia":[{"embeddable":true,"href":"http:\/\/www.eam.iua.edu.ar\/eam\/wp-json\/wp\/v2\/media\/6081"}],"wp:attachment":[{"href":"http:\/\/www.eam.iua.edu.ar\/eam\/wp-json\/wp\/v2\/media?parent=6076"}],"wp:term":[{"taxonomy":"category","embeddable":true,"href":"http:\/\/www.eam.iua.edu.ar\/eam\/wp-json\/wp\/v2\/categories?post=6076"},{"taxonomy":"post_tag","embeddable":true,"href":"http:\/\/www.eam.iua.edu.ar\/eam\/wp-json\/wp\/v2\/tags?post=6076"}],"curies":[{"name":"wp","href":"https:\/\/api.w.org\/{rel}","templated":true}]}}