{"id":6098,"date":"2017-03-20T10:29:28","date_gmt":"2017-03-20T13:29:28","guid":{"rendered":"http:\/\/www.eam.iua.edu.ar\/eam\/?p=6098"},"modified":"2020-05-13T19:27:21","modified_gmt":"2020-05-13T22:27:21","slug":"ceremonia-por-el-dia-del-profesor-aeronautico","status":"publish","type":"post","link":"http:\/\/www.eam.iua.edu.ar\/eam\/ceremonia-por-el-dia-del-profesor-aeronautico\/","title":{"rendered":"Ceremonia por el D\u00eda del Profesor Aeron\u00e1utico"},"content":{"rendered":"<p>[vc_row][vc_column][vc_column_text el_class=\u00bbpublicaciones\u00bb]El pasado 15 de Marzo, frente al Escuadr\u00f3n Estudios de la Escuela de Aviaci\u00f3n Militar, se realiz\u00f3 la ceremonia conmemorativa por el D\u00eda del Profesor Aeron\u00e1utico.<br \/>\nEsta fecha se instaur\u00f3 hace m\u00e1s de 70 a\u00f1os como consecuencia de la autonom\u00eda org\u00e1nica y funcional obtenida por la Aeron\u00e1utica Militar. Fue el 1\u00ba de marzo de 1945 que se inici\u00f3 el primer curso de cadetes de la Escuela de Aviaci\u00f3n Militar. Desde ese momento comenzaba su desempe\u00f1o en forma sistem\u00e1tica y org\u00e1nica el cuerpo de profesores, pilar fundamental en la tarea educativa emprendida. Este hecho constituy\u00f3 un hito sumamente valioso, ya que desde el primer escal\u00f3n, el futuro oficial ser\u00eda formado por docentes del medio civil con las caracter\u00edsticas y particularidades del medio aeron\u00e1utico: t\u00e9cnica, voluntad y temple.<\/p>\n<p>La ceremonia estuvo presidida por el Director de la Escuela de Aviaci\u00f3n, Brigadier D. Jos\u00e9 Mar\u00eda ACTIS,\u00a0 acompa\u00f1ado por autoridades de la Guarnici\u00f3n A\u00e9rea C\u00f3rdoba, Jefes de Grupo, Profesores en actividad y en situaci\u00f3n de retiro e invitados especiales.<br \/>\nLuego de la invocaci\u00f3n religiosa a cargo del Presb\u00edtero Sergio DANIELIS, el Jefe del Escuadr\u00f3n Estudios, Mayor D. David SALAS, pronunci\u00f3 unas palabras alusivas destacando la actividad del profesor civil en un \u00e1mbito militar realizando una tarea tan valiosa como es la de formar los futuros oficiales de la Fuerza A\u00e9rea Argentina.<br \/>\nLuego, se ley\u00f3 la Orden del D\u00eda nombrando como Director Honorario de la \u201cBiblioteca del Cadete Walter GOY\u201d al profesor Hern\u00e1n Pablo GUEVEL, quien se dirigi\u00f3 a sus alumnos con unas c\u00e1lidas palabras. \u201cEn la relaci\u00f3n profesor \u2013 alumno, el aprendizaje se trata de un compartir. Ambos formamos parte de una cadena educativa que no tiene que ser unidireccional\u201d, sostuvo el profesor. Adem\u00e1s, inst\u00f3 a los alumnos a que sean curiosos, exploradores y extrovertidos para abrir las puertas del saber.<br \/>\nEn la ceremonia tambi\u00e9n se leyeron las Ordenes del D\u00eda y se realizaron las entregas de diplomas a los profesores que se adhirieron al r\u00e9gimen jubilatorio, como as\u00ed tambi\u00e9n al personal que cumpli\u00f3 sus 25 a\u00f1os de servicio.<\/p>\n<p>Para finalizar, el Brigadier ACTIS brind\u00f3 unas palabras de agradecimiento hacia los profesores, quienes transmiten no s\u00f3lo el contenido t\u00e9cnico de cada materia, sino tambi\u00e9n valores y principios que van m\u00e1s all\u00e1 del conocimiento. \u201cLes agradezco profesores en nombre de toda la Instituci\u00f3n por su trabajo, por todo el esfuerzo que han hecho en formar Hombres y Mujeres de bien\u201d, concluy\u00f3.<br \/>\nYa finalizada la ceremonia se realiz\u00f3 la toma de la tradicional foto al pie del Monumento \u201cLa Patria Alada\u201d, para luego disfrutar de un \u00e1gape en las instalaciones del comedor del Cuerpo de Cadetes.[\/vc_column_text][vc_empty_space][vc_gallery type=\u00bbimage_grid\u00bb images=\u00bb6099,6100,6101,6102,6103,6104,6105&#8243;][\/vc_column][\/vc_row]<\/p>\n","protected":false},"excerpt":{"rendered":"<p>[vc_row][vc_column][vc_column_text el_class=\u00bbpublicaciones\u00bb]El pasado 15 de Marzo, frente al Escuadr\u00f3n Estudios de la Escuela de Aviaci\u00f3n Militar, se realiz\u00f3 la ceremonia conmemorativa por el D\u00eda del Profesor Aeron\u00e1utico. Esta fecha se instaur\u00f3 hace m\u00e1s de 70 a\u00f1os como consecuencia de la autonom\u00eda org\u00e1nica y funcional obtenida por la Aeron\u00e1utica Militar. Fue el 1\u00ba de marzo de [&hellip;]<\/p>\n","protected":false},"author":1,"featured_media":6102,"comment_status":"closed","ping_status":"closed","sticky":false,"template":"","format":"standard","meta":{"_joinchat":[],"footnotes":""},"categories":[2995],"tags":[122,123],"class_list":["post-6098","post","type-post","status-publish","format-standard","has-post-thumbnail","hentry","category-noticias-2","tag-ceremonias","tag-profesores"],"_links":{"self":[{"href":"http:\/\/www.eam.iua.edu.ar\/eam\/wp-json\/wp\/v2\/posts\/6098","targetHints":{"allow":["GET"]}}],"collection":[{"href":"http:\/\/www.eam.iua.edu.ar\/eam\/wp-json\/wp\/v2\/posts"}],"about":[{"href":"http:\/\/www.eam.iua.edu.ar\/eam\/wp-json\/wp\/v2\/types\/post"}],"author":[{"embeddable":true,"href":"http:\/\/www.eam.iua.edu.ar\/eam\/wp-json\/wp\/v2\/users\/1"}],"replies":[{"embeddable":true,"href":"http:\/\/www.eam.iua.edu.ar\/eam\/wp-json\/wp\/v2\/comments?post=6098"}],"version-history":[{"count":3,"href":"http:\/\/www.eam.iua.edu.ar\/eam\/wp-json\/wp\/v2\/posts\/6098\/revisions"}],"predecessor-version":[{"id":6107,"href":"http:\/\/www.eam.iua.edu.ar\/eam\/wp-json\/wp\/v2\/posts\/6098\/revisions\/6107"}],"wp:featuredmedia":[{"embeddable":true,"href":"http:\/\/www.eam.iua.edu.ar\/eam\/wp-json\/wp\/v2\/media\/6102"}],"wp:attachment":[{"href":"http:\/\/www.eam.iua.edu.ar\/eam\/wp-json\/wp\/v2\/media?parent=6098"}],"wp:term":[{"taxonomy":"category","embeddable":true,"href":"http:\/\/www.eam.iua.edu.ar\/eam\/wp-json\/wp\/v2\/categories?post=6098"},{"taxonomy":"post_tag","embeddable":true,"href":"http:\/\/www.eam.iua.edu.ar\/eam\/wp-json\/wp\/v2\/tags?post=6098"}],"curies":[{"name":"wp","href":"https:\/\/api.w.org\/{rel}","templated":true}]}}