{"id":6111,"date":"2017-03-16T11:51:52","date_gmt":"2017-03-16T14:51:52","guid":{"rendered":"http:\/\/www.eam.iua.edu.ar\/eam\/?p=6111"},"modified":"2020-05-13T19:27:22","modified_gmt":"2020-05-13T22:27:22","slug":"dia-nacional-de-los-monumentos-en-la-guarnicion-aerea-cordoba","status":"publish","type":"post","link":"http:\/\/www.eam.iua.edu.ar\/eam\/dia-nacional-de-los-monumentos-en-la-guarnicion-aerea-cordoba\/","title":{"rendered":"D\u00eda Nacional de los Monumentos en la Guarnici\u00f3n A\u00e9rea C\u00f3rdoba"},"content":{"rendered":"<p>[vc_row][vc_column][vc_column_text el_class=\u00bbpublicaciones\u00bb]Con motivo de celebrarse el D\u00eda Nacional de los Monumentos, la Guarnici\u00f3n A\u00e9rea C\u00f3rdoba abrir\u00e1 sus puertas al p\u00fablico en general los d\u00edas S\u00e1babo 18 y Domingo 19 de Marzo, entre las 14:00 y las 18:00 horas.<\/p>\n<p>Durante el fin de semana se podr\u00e1n recorrer las Salas Hist\u00f3ricas de la Escuela de Aviaci\u00f3n Militar, la Escuela de Suboficiales de la Fuerza A\u00e9rea y tambi\u00e9n el Museo de Tecnolog\u00eda Aeroespacial. Dentro de cada unidad, el p\u00fablico podr\u00e1 apreciar los monumentos y la historia que la Fuerza A\u00e9rea alberga en la ciudad de C\u00f3rdoba.<\/p>\n<p><strong>Escuela de Aviaci\u00f3n Militar:<\/strong>\u00a018 y 19 de Marzo, de 15:00 a 18:00 horas. Se podr\u00e1n recorrer la Sala Hist\u00f3rica y la Sala Malvinas que fueron declaradas \u00abPatrimonio de Inter\u00e9s Provincial\u00bb por el Honorable Consejo Deliberante de la Provincia de C\u00f3rdoba. Entre los invaluables objetos que se encuentran en estas salas, se podr\u00e1n apreciar una r\u00e9plica del sable corvo del General Don Jos\u00e9 de San Mart\u00edn, junto al bast\u00f3n de mano que us\u00f3 durante su vejez.<\/p>\n<p><strong>Escuela de Suboficiales de la Fuerza A\u00e9rea:\u00a0<\/strong>18 y 19 de Marzo, de 15:00 a 18:00 horas. Aqu\u00ed se podr\u00e1n visitar el hangar de aviones, como as\u00ed tambi\u00e9n se podr\u00e1 recorrer los cenotafios y la Sala Hist\u00f3rica de Malvinas.<\/p>\n<p><strong>Museo Universitario de Tecnolog\u00eda Aeroespacial:<\/strong>\u00a0abrir\u00e1 sus puertas el S\u00e1bado 18 de Marzo, de 14:00 a 18:00 horas. All\u00ed se podr\u00e1 apreciar una Muestra Aeron\u00e1utica que incluye fotografias de los momentos trascendentales de la hist\u00f3ria aeron\u00e1utica militar, adem\u00e1s de maquetas de aviones y un espacio dedicado a la Mujer Aviadora Argentina.<\/p>\n<p><strong>Barrio Aeron\u00e1utico y Centro C\u00edvico:<\/strong>\u00a018 y 19 de Marzo, de 10:00 a 18:00 horas. Se podr\u00e1 recorrer el vistoso Barrio Aeron\u00e1utico y el Centro C\u00edvico, lugares que conservan su arquitectura original de la \u00e9poca colonial.[\/vc_column_text][vc_empty_space]<figure class=\"sc_image  sc_image_shape_square\"><img decoding=\"async\" src=\"http:\/\/www.eam.iua.edu.ar\/eam\/wp-content\/uploads\/2018\/07\/dia_de_los_monumentos.jpg\" alt=\"\" \/><\/figure>[\/vc_column][\/vc_row]<\/p>\n","protected":false},"excerpt":{"rendered":"<p>Con motivo de celebrarse el D\u00eda Nacional de los Monumentos, la Guarnici\u00f3n A\u00e9rea C\u00f3rdoba abrir\u00e1 sus puertas al p\u00fablico en general los d\u00edas S\u00e1babo 18 y Domingo 19 de Marzo, entre las 14:00 y las 18:00 horas.<\/p>\n","protected":false},"author":1,"featured_media":6112,"comment_status":"closed","ping_status":"closed","sticky":false,"template":"","format":"standard","meta":{"_joinchat":[],"footnotes":""},"categories":[2995],"tags":[95,1516],"class_list":["post-6111","post","type-post","status-publish","format-standard","has-post-thumbnail","hentry","category-noticias-2","tag-eam","tag-monumentos"],"_links":{"self":[{"href":"http:\/\/www.eam.iua.edu.ar\/eam\/wp-json\/wp\/v2\/posts\/6111","targetHints":{"allow":["GET"]}}],"collection":[{"href":"http:\/\/www.eam.iua.edu.ar\/eam\/wp-json\/wp\/v2\/posts"}],"about":[{"href":"http:\/\/www.eam.iua.edu.ar\/eam\/wp-json\/wp\/v2\/types\/post"}],"author":[{"embeddable":true,"href":"http:\/\/www.eam.iua.edu.ar\/eam\/wp-json\/wp\/v2\/users\/1"}],"replies":[{"embeddable":true,"href":"http:\/\/www.eam.iua.edu.ar\/eam\/wp-json\/wp\/v2\/comments?post=6111"}],"version-history":[{"count":5,"href":"http:\/\/www.eam.iua.edu.ar\/eam\/wp-json\/wp\/v2\/posts\/6111\/revisions"}],"predecessor-version":[{"id":6139,"href":"http:\/\/www.eam.iua.edu.ar\/eam\/wp-json\/wp\/v2\/posts\/6111\/revisions\/6139"}],"wp:featuredmedia":[{"embeddable":true,"href":"http:\/\/www.eam.iua.edu.ar\/eam\/wp-json\/wp\/v2\/media\/6112"}],"wp:attachment":[{"href":"http:\/\/www.eam.iua.edu.ar\/eam\/wp-json\/wp\/v2\/media?parent=6111"}],"wp:term":[{"taxonomy":"category","embeddable":true,"href":"http:\/\/www.eam.iua.edu.ar\/eam\/wp-json\/wp\/v2\/categories?post=6111"},{"taxonomy":"post_tag","embeddable":true,"href":"http:\/\/www.eam.iua.edu.ar\/eam\/wp-json\/wp\/v2\/tags?post=6111"}],"curies":[{"name":"wp","href":"https:\/\/api.w.org\/{rel}","templated":true}]}}