{"id":6117,"date":"2017-03-14T12:02:25","date_gmt":"2017-03-14T15:02:25","guid":{"rendered":"http:\/\/www.eam.iua.edu.ar\/eam\/?p=6117"},"modified":"2020-05-13T19:27:22","modified_gmt":"2020-05-13T22:27:22","slug":"nuevos-cadetes-que-ingresaron-en-la-escuela-de-aviacion-militar","status":"publish","type":"post","link":"http:\/\/www.eam.iua.edu.ar\/eam\/nuevos-cadetes-que-ingresaron-en-la-escuela-de-aviacion-militar\/","title":{"rendered":"Nuevos Cadetes que ingresaron en la Escuela de Aviaci\u00f3n Militar"},"content":{"rendered":"<p>[vc_row][vc_column][vc_column_text el_class=\u00bbpublicaciones\u00bb]Febrero fue el mes de inicio de las actividades para los j\u00f3venes ciudadanos que ingresaron como nuevos cadetes de I a\u00f1o a la Escuela de Aviaci\u00f3n Militar, con el sue\u00f1o de formarse integralmente para llegar a convertirse en Oficiales de la Fuerza A\u00e9rea Argentina.<br \/>\nLos candidatos debieron pasar por un proceso de selecci\u00f3n con consta de varias etapas: Examen Intelectual, Examen F\u00edsico y Entrevista Personal, entre otras.<\/p>\n<p>En el mes de Diciembre pasado\u00a0 se llevaron a cabo los ex\u00e1menes intelectuales en todos los Subcentros de Preselecci\u00f3n del pa\u00eds. Durante dos d\u00edas, los interesados en ingresar fueron evaluados en diversas \u00e1reas tem\u00e1ticas. Ya a comienzos de este a\u00f1o, los candidatos seleccionados realizaron el per\u00edodo de adaptaci\u00f3n a la vida militar dentro de la Escuela de Aviaci\u00f3n, que se caracteriza por la vivencia durante 20 d\u00edas dentro del Instituto realizando las actividades propias de los cadetes. \u00a0En este per\u00edodo de adaptaci\u00f3n, los candidatos realizan no s\u00f3lo la rutina\u00a0 establecida, sino que tambi\u00e9n deben pasar por ex\u00e1menes f\u00edsicos y entrevistas personales para confirmar su lugar.[\/vc_column_text][vc_empty_space][vc_gallery type=\u00bbimage_grid\u00bb images=\u00bb6118,6119,6120,6121&#8243;][\/vc_column][\/vc_row]<\/p>\n","protected":false},"excerpt":{"rendered":"<p>Febrero fue el mes de inicio de las actividades para los j\u00f3venes ciudadanos que ingresaron como nuevos cadetes de I a\u00f1o a la Escuela de Aviaci\u00f3n Militar, con el sue\u00f1o de formarse integralmente para llegar a convertirse en Oficiales de la Fuerza A\u00e9rea Argentina<\/p>\n","protected":false},"author":1,"featured_media":6118,"comment_status":"closed","ping_status":"closed","sticky":false,"template":"","format":"standard","meta":{"_joinchat":[],"footnotes":""},"categories":[2995],"tags":[96,97],"class_list":["post-6117","post","type-post","status-publish","format-standard","has-post-thumbnail","hentry","category-noticias-2","tag-incorporarsre","tag-ser-uno-entre-mil"],"_links":{"self":[{"href":"http:\/\/www.eam.iua.edu.ar\/eam\/wp-json\/wp\/v2\/posts\/6117","targetHints":{"allow":["GET"]}}],"collection":[{"href":"http:\/\/www.eam.iua.edu.ar\/eam\/wp-json\/wp\/v2\/posts"}],"about":[{"href":"http:\/\/www.eam.iua.edu.ar\/eam\/wp-json\/wp\/v2\/types\/post"}],"author":[{"embeddable":true,"href":"http:\/\/www.eam.iua.edu.ar\/eam\/wp-json\/wp\/v2\/users\/1"}],"replies":[{"embeddable":true,"href":"http:\/\/www.eam.iua.edu.ar\/eam\/wp-json\/wp\/v2\/comments?post=6117"}],"version-history":[{"count":2,"href":"http:\/\/www.eam.iua.edu.ar\/eam\/wp-json\/wp\/v2\/posts\/6117\/revisions"}],"predecessor-version":[{"id":6138,"href":"http:\/\/www.eam.iua.edu.ar\/eam\/wp-json\/wp\/v2\/posts\/6117\/revisions\/6138"}],"wp:featuredmedia":[{"embeddable":true,"href":"http:\/\/www.eam.iua.edu.ar\/eam\/wp-json\/wp\/v2\/media\/6118"}],"wp:attachment":[{"href":"http:\/\/www.eam.iua.edu.ar\/eam\/wp-json\/wp\/v2\/media?parent=6117"}],"wp:term":[{"taxonomy":"category","embeddable":true,"href":"http:\/\/www.eam.iua.edu.ar\/eam\/wp-json\/wp\/v2\/categories?post=6117"},{"taxonomy":"post_tag","embeddable":true,"href":"http:\/\/www.eam.iua.edu.ar\/eam\/wp-json\/wp\/v2\/tags?post=6117"}],"curies":[{"name":"wp","href":"https:\/\/api.w.org\/{rel}","templated":true}]}}