{"id":6140,"date":"2017-02-07T13:00:22","date_gmt":"2017-02-07T16:00:22","guid":{"rendered":"http:\/\/www.eam.iua.edu.ar\/eam\/?p=6140"},"modified":"2020-05-13T19:27:22","modified_gmt":"2020-05-13T22:27:22","slug":"puesta-en-funciones-del-subdirector-y-los-jefes-de-grupo-de-la-escuela-de-aviacion-militar","status":"publish","type":"post","link":"http:\/\/www.eam.iua.edu.ar\/eam\/puesta-en-funciones-del-subdirector-y-los-jefes-de-grupo-de-la-escuela-de-aviacion-militar\/","title":{"rendered":"Puesta en Funciones del Subdirector y los Jefes de Grupo de la Escuela de Aviaci\u00f3n Militar"},"content":{"rendered":"<p>[vc_row][vc_column][vc_column_text el_class=\u00bbpublicaciones\u00bb]Como primera actividad protocolar, el Director de la E.A.M. Brigadier Jos\u00e9 Mar\u00eda ACTIS presidi\u00f3 las respectivas ceremonias de puesta en funciones del nuevo Subdirector y Jefes del Grupo T\u00e9cnico Escuela, Grupo A\u00e9reo Escuela y Cuerpo de Cadetes.<\/p>\n<p>La Plaza de Armas Brig. Gral. San Mart\u00edn fue tambi\u00e9n el escenario para la ceremonia de puesta en funciones del nuevo Subdirector del Instituto, Comodoro Jos\u00e9 Mar\u00eda GREISSING. Luego de la presentaci\u00f3n de los efectivos formados y de la invocaci\u00f3n religiosa, el ayudante del director dio lectura al mensaje del Jefe de Estado Mayor General de la Fuerza A\u00e9rea, Brigadier General \u201cVGM\u201d Enrique V\u00edctor AMREIN, designando al nuevo Subdirector en su cargo.<br \/>\nLuego de la pronunciaci\u00f3n de la f\u00f3rmula de rigor, el Comodoro GREISSING hizo entrega de la banderola correspondiente al Brigadier Jos\u00e9 Mar\u00eda ACTIS como Subdirector saliente.<br \/>\nEl Brigadier ACTIS fue quien hizo uso de la palabra resaltando y agradeciendo a sus superiores la confianza en el cargo. Adem\u00e1s, se refiri\u00f3 al total apoyo de su esposa e hijos en su gesti\u00f3n como Subdirector de la EAM y le dese\u00f3 muchos \u00e9xitos al Subdirector entrante.<\/p>\n<p>En las instalaciones del Hangar N\u00ba 6 del Grupo T\u00e9cnico Escuela se desarroll\u00f3 la ceremonia por el cambio de Jefe de Grupo. Luego de la presentaci\u00f3n al Director, se ley\u00f3 el mensaje de designaci\u00f3n del Comodoro Francisco Edgardo LEGUIZA como nuevo Jefe. El Comodoro Eduardo Ra\u00fal GIM\u00c9NEZ fue quien pronunci\u00f3 unas palabras alusivas como Jefe saliente, sosteniendo el honor de haber presidido el Grupo T\u00e9cnico y haber podido contribuir a una de las misiones que tiene el Instituto, que es la de formar aviadores militares para la Fuerza A\u00e9rea Argentina.<\/p>\n<p>La plataforma del Grupo A\u00e9reo Escuela fue el lugar en el cual se realiz\u00f3 la puesta en funciones del Comodoro M\u00e1ximo Jos\u00e9 ROBERTSON como nuevo Jefe de este Grupo. Al finalizar la lectura del mensaje de designaci\u00f3n, el Comodoro Jos\u00e9 Antonio DOMINGUEZ pronunci\u00f3 palabras alusivas al dejar su cargo, manifestando a los oficiales cursantes lo apasionante que es la carrera militar e inst\u00e1ndolos a seguir invirtiendo en el esfuerzo y compromiso diario para alcanzar sus objetivos propuestos. Adem\u00e1s, agradeci\u00f3 a todo el personal del Grupo A\u00e9reo por su colaboraci\u00f3n y compromiso durante su gesti\u00f3n.<\/p>\n<p>Por \u00faltimo, alrededor del Cuerpo de Cadetes se llev\u00f3 a cabo la puesta en funciones del Comodoro Gabriel Edgardo QUIROGA como nuevo Jefe de este grupo. Luego de la lectura del mensaje de designaci\u00f3n, el Comodoro Marcelo Mart\u00edn BELLEZZE expres\u00f3 unas palabras a los cadetes antes de dejar su cargo.<\/p>\n<blockquote><p>Ustedes son la Fuerza A\u00e9rea. Lleven con amor y pasi\u00f3n ese Deber Ser de la Fuerza. Sean j\u00f3venes de la Fuerza A\u00e9rea y sientan por ella.<\/p><\/blockquote>\n<p>expres\u00f3 con emoci\u00f3n. Agradeci\u00f3 tambi\u00e9n el apoyo de todo el personal del Cuerpo de Cadetes durante su gesti\u00f3n, como as\u00ed tambi\u00e9n el acompa\u00f1amiento incondicional de su familia. Para finalizar, dese\u00f3 que Nuestra Se\u00f1ora de Loreto acompa\u00f1e al Comodoro QUIROGA en las decisiones que deba tomar para formar a los futuros oficiales de la Fuerza A\u00e9rea Argentina.<\/p>\n<p>En las tres ceremonias, el Director del Instituto pronunci\u00f3 la F\u00f3rmula de Rigor para hacer efectiva la puesta en funciones de los nuevos Jefes de Grupo, quienes recibieron de manos de sus antecesores las Banderolas correspondientes, s\u00edmbolo de reconocimiento a su cargo desempe\u00f1ado en la Instituci\u00f3n.[\/vc_column_text][vc_empty_space][vc_gallery type=\u00bbimage_grid\u00bb images=\u00bb6141,6142,6143,6144,6145,6146,6147,6148,6149,6150&#8243;][\/vc_column][\/vc_row]<\/p>\n","protected":false},"excerpt":{"rendered":"<p>Como primera actividad protocolar, el Director de la E.A.M. Brigadier Jos\u00e9 Mar\u00eda ACTIS presidi\u00f3 las respectivas ceremonias de puesta en funciones del nuevo Subdirector y Jefes del Grupo T\u00e9cnico Escuela, Grupo A\u00e9reo Escuela y Cuerpo de Cadetes.<\/p>\n","protected":false},"author":1,"featured_media":0,"comment_status":"closed","ping_status":"closed","sticky":false,"template":"","format":"standard","meta":{"_joinchat":[],"footnotes":""},"categories":[2995],"tags":[122,95],"class_list":["post-6140","post","type-post","status-publish","format-standard","hentry","category-noticias-2","tag-ceremonias","tag-eam"],"_links":{"self":[{"href":"http:\/\/www.eam.iua.edu.ar\/eam\/wp-json\/wp\/v2\/posts\/6140","targetHints":{"allow":["GET"]}}],"collection":[{"href":"http:\/\/www.eam.iua.edu.ar\/eam\/wp-json\/wp\/v2\/posts"}],"about":[{"href":"http:\/\/www.eam.iua.edu.ar\/eam\/wp-json\/wp\/v2\/types\/post"}],"author":[{"embeddable":true,"href":"http:\/\/www.eam.iua.edu.ar\/eam\/wp-json\/wp\/v2\/users\/1"}],"replies":[{"embeddable":true,"href":"http:\/\/www.eam.iua.edu.ar\/eam\/wp-json\/wp\/v2\/comments?post=6140"}],"version-history":[{"count":2,"href":"http:\/\/www.eam.iua.edu.ar\/eam\/wp-json\/wp\/v2\/posts\/6140\/revisions"}],"predecessor-version":[{"id":6345,"href":"http:\/\/www.eam.iua.edu.ar\/eam\/wp-json\/wp\/v2\/posts\/6140\/revisions\/6345"}],"wp:attachment":[{"href":"http:\/\/www.eam.iua.edu.ar\/eam\/wp-json\/wp\/v2\/media?parent=6140"}],"wp:term":[{"taxonomy":"category","embeddable":true,"href":"http:\/\/www.eam.iua.edu.ar\/eam\/wp-json\/wp\/v2\/categories?post=6140"},{"taxonomy":"post_tag","embeddable":true,"href":"http:\/\/www.eam.iua.edu.ar\/eam\/wp-json\/wp\/v2\/tags?post=6140"}],"curies":[{"name":"wp","href":"https:\/\/api.w.org\/{rel}","templated":true}]}}