{"id":6220,"date":"2018-08-09T11:18:18","date_gmt":"2018-08-09T14:18:18","guid":{"rendered":"http:\/\/www.eam.iua.edu.ar\/eam\/?p=6220"},"modified":"2020-05-13T19:23:22","modified_gmt":"2020-05-13T22:23:22","slug":"reconocen-a-cadete-de-la-escuela-de-aviacion-militar-por-sus-altos-valores","status":"publish","type":"post","link":"http:\/\/www.eam.iua.edu.ar\/eam\/reconocen-a-cadete-de-la-escuela-de-aviacion-militar-por-sus-altos-valores\/","title":{"rendered":"Reconocen a Cadete de la Escuela de Aviaci\u00f3n Militar por sus altos valores"},"content":{"rendered":"<p>[vc_row][vc_column][vc_column_text el_class=\u00bbpublicaciones\u00bb]Cuando Nahuel URQUIZA se inscribi\u00f3 para el ingreso en la <a href=\"http:\/\/www.eam.iua.edu.ar\" target=\"_blank\" rel=\"noopener noreferrer\">Escuela de Aviaci\u00f3n Militar Argentina<\/a>, no dud\u00f3 ni un minuto en que su formaci\u00f3n como futuro Oficial de la <a href=\"http:\/\/www.faa.mil.ar\" target=\"_blank\" rel=\"noopener noreferrer\">Fuerza A\u00e9rea Argentina<\/a> traer\u00eda consigo una excelente formaci\u00f3n integral en el camino del <a href=\"https:\/\/www.youtube.com\/watch?v=eOyumoxYH04\" target=\"_blank\" rel=\"noopener noreferrer\">\u201cSer Uno Entre Mil\u201d<\/a>. Y as\u00ed fue.<\/p>\n<p>Al d\u00eda de hoy cursa su segundo a\u00f1o como <a href=\"http:\/\/www.eam.iua.edu.ar\/eam\/formacion-de-cadete\/#planestudios\" target=\"_blank\" rel=\"noopener noreferrer\">Cadete<\/a> y paralelamente desarrolla, junto a sus camaradas, actividades extracurriculares que dejan al descubierto los valores que se inculcan en las aulas de \u00e9ste centenario Instituto de Formaci\u00f3n Militar y que enaltecen las virtudes de cada uno de ellos.<\/p>\n<p>El pasado viernes 03 de agosto, el <a href=\"http:\/\/www.eam.iua.edu.ar\/eam\/formacion-de-cadete\/#vidacadete\" target=\"_blank\" rel=\"noopener noreferrer\">Cadete<\/a> URQUIZA fue reconocido con la figura de Fair Play<strong>*<\/strong> por el presidente de la <a href=\"https:\/\/www.facebook.com\/groups\/1700697150144436\/\" target=\"_blank\" rel=\"noopener noreferrer\">Asociaci\u00f3n Atl\u00e9tica Sierras Chicas<\/a>, Juan FAR\u00cdAS, el cual\u00a0 tuvo en cuenta el excelente desempe\u00f1o y disciplina del Cadete durante su participaci\u00f3n en la <a href=\"http:\/\/www.misiondxt.com.ar\/desrioceballos18(c).html\" target=\"_blank\" rel=\"noopener noreferrer\">final del Trail Championship<\/a> que se corri\u00f3 en la <a href=\"http:\/\/www.rioceballos.gov.ar\/\" target=\"_blank\" rel=\"noopener noreferrer\">ciudad de R\u00edo Ceballos<\/a> el 22 de julio.<\/p>\n<p><strong>Clasificaci\u00f3n<\/strong><\/p>\n<p>Cabe mencionar que dicho evento deportivo cont\u00f3 con una masiva concurrencia en sus tres distancias: 7 K, 12 K y 21 K, respectivamente, y en los cuales el Jefe de la <a href=\"http:\/\/www.eam.iua.edu.ar\/eam\/informacion-general\/\" target=\"_blank\" rel=\"noopener noreferrer\">Divisi\u00f3n Educaci\u00f3n F\u00edsica de la E.A.M<\/a>., Primer Teniente Diego ROMANO qued\u00f3 en cuarto lugar en la clasificaci\u00f3n general en la distancia 21 K, y el Cadete de II A\u00f1o Nahuel URQUIZA finaliz\u00f3 en la segunda posici\u00f3n en la clasificaci\u00f3n general en la distancia de 7 KM.<\/p>\n<p><strong>*Fair Play:<\/strong> Concepto del mundo deportivo que refiere al comportamiento honesto y correcto que deben observar los atletas ante su oponente, el \u00e1rbitro y los asistentes.[\/vc_column_text][\/vc_column][\/vc_row][vc_row][vc_column][vc_empty_space][\/vc_column][\/vc_row][vc_row][vc_column][vc_gallery type=\u00bbimage_grid\u00bb images=\u00bb6223,6222,6221&#8243; el_class=\u00bbpublicaciones\u00bb][\/vc_column][\/vc_row]<\/p>\n","protected":false},"excerpt":{"rendered":"<p>El mismo tuvo una conducta destacable durante un evento deportivo.  <\/p>\n","protected":false},"author":7,"featured_media":6226,"comment_status":"closed","ping_status":"closed","sticky":false,"template":"","format":"standard","meta":{"_joinchat":[],"footnotes":""},"categories":[2995],"tags":[121,100,95,1259,97],"class_list":["post-6220","post","type-post","status-publish","format-standard","has-post-thumbnail","hentry","category-noticias-2","tag-cuerpo-cadetes","tag-deportes","tag-eam","tag-fuerza-aerea-argentina","tag-ser-uno-entre-mil"],"_links":{"self":[{"href":"http:\/\/www.eam.iua.edu.ar\/eam\/wp-json\/wp\/v2\/posts\/6220","targetHints":{"allow":["GET"]}}],"collection":[{"href":"http:\/\/www.eam.iua.edu.ar\/eam\/wp-json\/wp\/v2\/posts"}],"about":[{"href":"http:\/\/www.eam.iua.edu.ar\/eam\/wp-json\/wp\/v2\/types\/post"}],"author":[{"embeddable":true,"href":"http:\/\/www.eam.iua.edu.ar\/eam\/wp-json\/wp\/v2\/users\/7"}],"replies":[{"embeddable":true,"href":"http:\/\/www.eam.iua.edu.ar\/eam\/wp-json\/wp\/v2\/comments?post=6220"}],"version-history":[{"count":5,"href":"http:\/\/www.eam.iua.edu.ar\/eam\/wp-json\/wp\/v2\/posts\/6220\/revisions"}],"predecessor-version":[{"id":9462,"href":"http:\/\/www.eam.iua.edu.ar\/eam\/wp-json\/wp\/v2\/posts\/6220\/revisions\/9462"}],"wp:featuredmedia":[{"embeddable":true,"href":"http:\/\/www.eam.iua.edu.ar\/eam\/wp-json\/wp\/v2\/media\/6226"}],"wp:attachment":[{"href":"http:\/\/www.eam.iua.edu.ar\/eam\/wp-json\/wp\/v2\/media?parent=6220"}],"wp:term":[{"taxonomy":"category","embeddable":true,"href":"http:\/\/www.eam.iua.edu.ar\/eam\/wp-json\/wp\/v2\/categories?post=6220"},{"taxonomy":"post_tag","embeddable":true,"href":"http:\/\/www.eam.iua.edu.ar\/eam\/wp-json\/wp\/v2\/tags?post=6220"}],"curies":[{"name":"wp","href":"https:\/\/api.w.org\/{rel}","templated":true}]}}