{"id":6565,"date":"2018-09-26T09:39:40","date_gmt":"2018-09-26T12:39:40","guid":{"rendered":"http:\/\/www.eam.iua.edu.ar\/eam\/?p=6565"},"modified":"2020-05-13T19:22:06","modified_gmt":"2020-05-13T22:22:06","slug":"acampada-de-cadetes-de-iv-ano-2018","status":"publish","type":"post","link":"http:\/\/www.eam.iua.edu.ar\/eam\/acampada-de-cadetes-de-iv-ano-2018\/","title":{"rendered":"Acampada de Cadetes de IV A\u00f1o 2018"},"content":{"rendered":"<p>[vc_row][vc_column]<figure class=\"sc_image  sc_image_shape_square\"><img decoding=\"async\" src=\"http:\/\/www.eam.iua.edu.ar\/eam\/wp-content\/uploads\/2018\/09\/Acampadaeamed.jpg\" alt=\"\" \/><\/figure>[vc_empty_space el_class=\u00bbpublicaciones\u00bb][vc_column_text el_class=\u00bbpublicaciones\u00bb]Desde el 30 y hasta el 31 de agosto pasado, <a href=\"http:\/\/www.eam.iua.edu.ar\/eam\/formacion-de-cadete\/#planestudios\" target=\"_blank\" rel=\"noopener noreferrer\">Cadetes<\/a> de IV A\u00f1o de la <a href=\"http:\/\/www.eam.iua.edu.ar\" target=\"_blank\" rel=\"noopener noreferrer\">Escuela de Aviaci\u00f3n Militar<\/a> realizaron la Acampada Anual.<\/p>\n<p>La misma se efectu\u00f3 en la \u201c<a href=\"https:\/\/www.facebook.com\/Casa-de-Retiro-San-Alfonso-557545687775166\/\" target=\"_blank\" rel=\"noopener noreferrer\">Casa de Retiro San Alfonso<\/a>\u201d, en la localidad cordobesa de Villa Allende.<\/p>\n<p>All\u00ed, los Cadetes tuvieron la oportunidad de compartir con sus camaradas actividades complementarias a la Instrucci\u00f3n Militar, que tienden a incrementar la formaci\u00f3n espiritual\u00a0 y moral del futuro Oficial de la <a href=\"http:\/\/www.faa.mil.ar\" target=\"_blank\" rel=\"noopener noreferrer\">Fuerza A\u00e9rea Argentina<\/a>.<\/p>\n<p>A trav\u00e9s de esta formaci\u00f3n en valores sociales se persigue el objetivo de afianzar aptitudes \u00e9tico-militares tales con el sentido de disciplina, la voluntad, las actividades que fomentan el entusiasmo, el esp\u00edritu de equipo, la lealtad y la responsabilidad que a futuro significar\u00e1n valores esenciales para afrontar los sacrificios y exigencias propias de la vida militar.<\/p>\n<p>Cabe mencionar que de estas actividades participaron los Cadetes de IV A\u00f1o, bajo el comando y control del Primer Teniente Facundo GERVASONI, quien se desempe\u00f1\u00f3 como Jefe de Comisi\u00f3n.<\/p>\n<p>Para dar cierre a la Acampada el Capell\u00e1n Ariel Alberto PARISSE celebr\u00f3 una misa para agradecer por el sano y cordial momento de camarader\u00eda compartido entre los presentes.[\/vc_column_text][\/vc_column][\/vc_row][vc_row][vc_column][vc_empty_space el_class=\u00bbpublicaciones\u00bb][\/vc_column][\/vc_row][vc_row][vc_column]<figure class=\"sc_image  sc_image_shape_square\"><img decoding=\"async\" src=\"http:\/\/www.eam.iua.edu.ar\/eam\/wp-content\/uploads\/2018\/09\/Acampadaed.jpg\" alt=\"\" \/><\/figure>[\/vc_column][\/vc_row]<\/p>\n","protected":false},"excerpt":{"rendered":"<p>Los Cadetes tuvieron la oportunidad de compartir con sus camaradas actividades complementarias a la Instrucci\u00f3n Militar, que tienden a incrementar la formaci\u00f3n espiritual  y moral del futuro Oficial de la Fuerza A\u00e9rea Argentina.<\/p>\n","protected":false},"author":7,"featured_media":6566,"comment_status":"closed","ping_status":"closed","sticky":false,"template":"","format":"standard","meta":{"_joinchat":[],"footnotes":""},"categories":[2995],"tags":[1043,768,121,874,1259],"class_list":["post-6565","post","type-post","status-publish","format-standard","has-post-thumbnail","hentry","category-noticias-2","tag-acampada","tag-capellan","tag-cuerpo-cadetes","tag-escuela-de-aviacion","tag-fuerza-aerea-argentina"],"_links":{"self":[{"href":"http:\/\/www.eam.iua.edu.ar\/eam\/wp-json\/wp\/v2\/posts\/6565","targetHints":{"allow":["GET"]}}],"collection":[{"href":"http:\/\/www.eam.iua.edu.ar\/eam\/wp-json\/wp\/v2\/posts"}],"about":[{"href":"http:\/\/www.eam.iua.edu.ar\/eam\/wp-json\/wp\/v2\/types\/post"}],"author":[{"embeddable":true,"href":"http:\/\/www.eam.iua.edu.ar\/eam\/wp-json\/wp\/v2\/users\/7"}],"replies":[{"embeddable":true,"href":"http:\/\/www.eam.iua.edu.ar\/eam\/wp-json\/wp\/v2\/comments?post=6565"}],"version-history":[{"count":3,"href":"http:\/\/www.eam.iua.edu.ar\/eam\/wp-json\/wp\/v2\/posts\/6565\/revisions"}],"predecessor-version":[{"id":9450,"href":"http:\/\/www.eam.iua.edu.ar\/eam\/wp-json\/wp\/v2\/posts\/6565\/revisions\/9450"}],"wp:featuredmedia":[{"embeddable":true,"href":"http:\/\/www.eam.iua.edu.ar\/eam\/wp-json\/wp\/v2\/media\/6566"}],"wp:attachment":[{"href":"http:\/\/www.eam.iua.edu.ar\/eam\/wp-json\/wp\/v2\/media?parent=6565"}],"wp:term":[{"taxonomy":"category","embeddable":true,"href":"http:\/\/www.eam.iua.edu.ar\/eam\/wp-json\/wp\/v2\/categories?post=6565"},{"taxonomy":"post_tag","embeddable":true,"href":"http:\/\/www.eam.iua.edu.ar\/eam\/wp-json\/wp\/v2\/tags?post=6565"}],"curies":[{"name":"wp","href":"https:\/\/api.w.org\/{rel}","templated":true}]}}