{"id":6621,"date":"2018-10-08T10:54:26","date_gmt":"2018-10-08T13:54:26","guid":{"rendered":"http:\/\/www.eam.iua.edu.ar\/eam\/?p=6621"},"modified":"2020-05-13T19:21:54","modified_gmt":"2020-05-13T22:21:54","slug":"el-ejercicio-garra-en-franco-crecimiento","status":"publish","type":"post","link":"http:\/\/www.eam.iua.edu.ar\/eam\/el-ejercicio-garra-en-franco-crecimiento\/","title":{"rendered":"El \u00abEjercicio Garra\u00bb, en franco crecimiento"},"content":{"rendered":"<p>[vc_row][vc_column]<figure class=\"sc_image  sc_image_shape_square\"><img decoding=\"async\" src=\"http:\/\/www.eam.iua.edu.ar\/eam\/wp-content\/uploads\/2018\/10\/garra1.jpg\" alt=\"\" \/><\/figure>[vc_empty_space el_class=\u00bbpublicaciones\u00bb][vc_column_text el_class=\u00bbpublicaciones\u00bb]Miradas atentas y expectantes por un lado, y ansiosas por otro, prevalecieron desde los primeros minutos del <a href=\"http:\/\/www.eam.iua.edu.ar\/eam\/ejercicio-garra-xv\/\" target=\"_blank\" rel=\"noopener noreferrer\">\u00ab<\/a><a href=\"http:\/\/www.eam.iua.edu.ar\/eam\/ejercicio-garra-xv\/\" target=\"_blank\" rel=\"noopener noreferrer\">Ejercicio Garra XVI<\/a><a href=\"http:\/\/www.eam.iua.edu.ar\/eam\/ejercicio-garra-xv\/\" target=\"_blank\" rel=\"noopener noreferrer\">\u00ab<\/a>.<\/p>\n<p>Se trata del Ejercicio de Simulaci\u00f3n Interdisciplinaria de Conducci\u00f3n Estrat\u00e9gica y Resoluci\u00f3n de Conflictos, organizado desde su origen por el <a href=\"http:\/\/www.eam.iua.edu.ar\/eam\/\" target=\"_blank\" rel=\"noopener noreferrer\">Cuerpo de Cadetes<\/a> de la <a href=\"http:\/\/www.eam.iua.edu.ar\" target=\"_blank\" rel=\"noopener noreferrer\">Escuela de Aviaci\u00f3n Militar<\/a>.<\/p>\n<p>El mismo concret\u00f3 su Edici\u00f3n XVI el pasado 27 de septiembre en el <a href=\"http:\/\/www.eam.iua.edu.ar\/eam\/formacion-de-cadete\/#vidacadete\" target=\"_blank\" rel=\"noopener noreferrer\">Cuerpo de Cadetes<\/a> del Instituto de Formaci\u00f3n Militar y cont\u00f3 con la participaci\u00f3n de la <a href=\"https:\/\/www.ucc.edu.ar\/facultades\/propuesta-academica\/carreras\/\" target=\"_blank\" rel=\"noopener noreferrer\">Universidad Cat\u00f3lica de C\u00f3rdoba<\/a>, <a href=\"https:\/\/www.unc.edu.ar\/\" target=\"_blank\" rel=\"noopener noreferrer\">Universidad Nacional de C\u00f3rdoba<\/a>, <a href=\"http:\/\/www.cupvirtual.edu.ar\/\" target=\"_blank\" rel=\"noopener noreferrer\">Colegio Universitario de Periodismo<\/a>, <a href=\"https:\/\/www.iua.edu.ar\/\" target=\"_blank\" rel=\"noopener noreferrer\">Instituto Universitario Aeron\u00e1utico<\/a>, <a href=\"https:\/\/21.edu.ar\/\" target=\"_blank\" rel=\"noopener noreferrer\">Universidad Siglo 21<\/a>, <a href=\"https:\/\/www.ucalp.edu.ar\/\" target=\"_blank\" rel=\"noopener noreferrer\">Universidad Cat\u00f3lica de La Plata<\/a>, <a href=\"http:\/\/cruzroja.org.ar\/cordoba\/\" target=\"_blank\" rel=\"noopener noreferrer\">Cruz Roja Argentina Filial C\u00f3rdoba<\/a>, <a href=\"https:\/\/prensagendarmeria.gob.ar\/\" target=\"_blank\" rel=\"noopener noreferrer\">Gendarmer\u00eda Nacional<\/a>\u00a0y <a href=\"https:\/\/www.colegiomilitar.mil.ar\/esp\/\" target=\"_blank\" rel=\"noopener noreferrer\">Colegio Militar de la Naci\u00f3n.<\/a><\/p>\n<p>Esta Edici\u00f3n recre\u00f3 situaciones hipot\u00e9ticas de crisis y conflicto entre estados ficticios, y cada participante desde su rol tuvo que resolver diferentes situaciones, teniendo en cuenta la informaci\u00f3n y datos que recibieron de manera previa durante la actividad, adem\u00e1s de los conocimientos adquiridos en sus respectivas carreras.<\/p>\n<p>Las conclusiones arrojaron un saldo positivo en cuanto a los trabajos presentados por los equipos que al finalizar la jornada realizaron actividades de \u00edndole cultural como ser la visita guiada a la Sala de Honor y Sala de Malvinas, respectivamente, acompa\u00f1ados por Cadetes de la <a href=\"http:\/\/www.eam.iua.edu.ar\" target=\"_blank\" rel=\"noopener noreferrer\">E.A.M.<\/a><\/p>\n<p>Para cerrar el evento, los presentes compartieron una cena criolla acompa\u00f1ada por una amena pe\u00f1a folcl\u00f3rica.<\/p>\n<h4>Apreciaciones<\/h4>\n<p>El <a href=\"http:\/\/www.eam.iua.edu.ar\/eam\/ejercicio-garra-xv\/\" target=\"_blank\" rel=\"noopener noreferrer\">\u00ab<\/a><a href=\"http:\/\/www.eam.iua.edu.ar\/eam\/ejercicio-garra-xv\/\" target=\"_blank\" rel=\"noopener noreferrer\">Ejercicio Garra\u00bb<\/a>se torna cada a\u00f1o m\u00e1s relevante y por ello el Secretario de Extensi\u00f3n de la<strong> <a href=\"http:\/\/www.undef.edu.ar\/\" target=\"_blank\" rel=\"noopener noreferrer\">Undef<\/a><\/strong>, Emilio CORNAGLIA, estuvo presente a lo largo de la jornada y no se perdi\u00f3 detalle alguno del seguimiento de las actividades planteadas.<\/p>\n<p>En este sentido, destac\u00f3 la presentaci\u00f3n y el despliegue de este <a href=\"http:\/\/www.eam.iua.edu.ar\/eam\/ejercicio-garra-xv\/\" target=\"_blank\" rel=\"noopener noreferrer\">\u00ab<\/a><a href=\"http:\/\/www.eam.iua.edu.ar\/eam\/ejercicio-garra-xv\/\" target=\"_blank\" rel=\"noopener noreferrer\">Ejercicio Garra XVI\u00bb\u00a0<\/a>\u00a0\u201c<em>El cual valoramos desde Undef porque a trav\u00e9s de este juego de simulaci\u00f3n se pone en valor distintas aptitudes como la resoluci\u00f3n de problemas, la comunicaci\u00f3n, la interrelaci\u00f3n de diferentes asignaturas para resolver conflictos. La participaci\u00f3n de otras Universidades rompe las fronteras invisibles que hay entre la sociedad y las Fuerzas Armadas. Teje un entramado de relaciones entre importantes instituciones, adem\u00e1s de significar una apertura a la comunidad que puede conocer en profundidad cu\u00e1l es la misi\u00f3n, la tarea de la Escuela de Aviaci\u00f3n Militar y la vocaci\u00f3n de los Cadetes que est\u00e1n estudiando para ser futuros Oficiales\u201d<\/em>.<\/p>\n<p>Por su parte, el Director del <a href=\"http:\/\/www.eam.iua.edu.ar\/eam\/ejercicio-garra-xv\/\" target=\"_blank\" rel=\"noopener noreferrer\">\u00ab<\/a><a href=\"http:\/\/www.eam.iua.edu.ar\/eam\/ejercicio-garra-xv\/\" target=\"_blank\" rel=\"noopener noreferrer\">Ejercicio Garra XVI<\/a><a href=\"http:\/\/www.eam.iua.edu.ar\/eam\/ejercicio-garra-xv\/\" target=\"_blank\" rel=\"noopener noreferrer\">\u00ab<\/a>, Brigadier (R) VGM Lic. Atilio Victorio Z\u00c1TTARA resalt\u00f3 que <em>\u201ceste evento es de car\u00e1cter meramente acad\u00e9mico, se realiza desde hace diecis\u00e9is a\u00f1os y fue evolucionando con cada edici\u00f3n. Este a\u00f1o el Ejercicio Garra es parte de\u00a0 un Proyecto de Extensi\u00f3n de la Undef y se trata de aplicar lo que se ense\u00f1a en cada una de las facultades y sobre todo en la Escuela de Aviaci\u00f3n Militar, en lo que respecta a distintas disciplinas\u201d.<\/em><\/p>\n<p><em>\u00a0<\/em>[\/vc_column_text][\/vc_column][\/vc_row][vc_row][vc_column]<blockquote class=\"sc_quote\"><p><em>Esta es la oportunidad que tienen los estudiantes y Cadetes para comunicarse entre los organismos, institutos militares y civiles. Los estudiantes demostraron en todo momento entusiasmo y compromiso de participar<\/em><\/p>\n<p style=\"text-align: left\">Brigadier (R) VGM Lic. Atilio Victorio Z\u00c1TTARA<\/p>\n<p><\/p><\/blockquote>[\/vc_column][\/vc_row][vc_row][vc_column][vc_gallery type=\u00bbimage_grid\u00bb images=\u00bb6639,6635,6637,6640,6638&#8243;][\/vc_column][\/vc_row][vc_row][vc_column][\/vc_column][\/vc_row]<\/p>\n","protected":false},"excerpt":{"rendered":"<p>La edici\u00f3n XVI del cada vez m\u00e1s conocido Ejercicio Garra que organiza el Cuerpo de Cadetes de la Escuela de Aviaci\u00f3n Militar tuvo excelentes repercusiones.<\/p>\n","protected":false},"author":7,"featured_media":6636,"comment_status":"closed","ping_status":"closed","sticky":false,"template":"","format":"standard","meta":{"_joinchat":[],"footnotes":""},"categories":[2995],"tags":[1867,121,101,874,123,1437,1235],"class_list":["post-6621","post","type-post","status-publish","format-standard","has-post-thumbnail","hentry","category-noticias-2","tag-alumnos","tag-cuerpo-cadetes","tag-ejercicio-garra","tag-escuela-de-aviacion","tag-profesores","tag-undef","tag-vgm"],"_links":{"self":[{"href":"http:\/\/www.eam.iua.edu.ar\/eam\/wp-json\/wp\/v2\/posts\/6621","targetHints":{"allow":["GET"]}}],"collection":[{"href":"http:\/\/www.eam.iua.edu.ar\/eam\/wp-json\/wp\/v2\/posts"}],"about":[{"href":"http:\/\/www.eam.iua.edu.ar\/eam\/wp-json\/wp\/v2\/types\/post"}],"author":[{"embeddable":true,"href":"http:\/\/www.eam.iua.edu.ar\/eam\/wp-json\/wp\/v2\/users\/7"}],"replies":[{"embeddable":true,"href":"http:\/\/www.eam.iua.edu.ar\/eam\/wp-json\/wp\/v2\/comments?post=6621"}],"version-history":[{"count":14,"href":"http:\/\/www.eam.iua.edu.ar\/eam\/wp-json\/wp\/v2\/posts\/6621\/revisions"}],"predecessor-version":[{"id":9447,"href":"http:\/\/www.eam.iua.edu.ar\/eam\/wp-json\/wp\/v2\/posts\/6621\/revisions\/9447"}],"wp:featuredmedia":[{"embeddable":true,"href":"http:\/\/www.eam.iua.edu.ar\/eam\/wp-json\/wp\/v2\/media\/6636"}],"wp:attachment":[{"href":"http:\/\/www.eam.iua.edu.ar\/eam\/wp-json\/wp\/v2\/media?parent=6621"}],"wp:term":[{"taxonomy":"category","embeddable":true,"href":"http:\/\/www.eam.iua.edu.ar\/eam\/wp-json\/wp\/v2\/categories?post=6621"},{"taxonomy":"post_tag","embeddable":true,"href":"http:\/\/www.eam.iua.edu.ar\/eam\/wp-json\/wp\/v2\/tags?post=6621"}],"curies":[{"name":"wp","href":"https:\/\/api.w.org\/{rel}","templated":true}]}}