{"id":6651,"date":"2018-10-10T12:52:10","date_gmt":"2018-10-10T15:52:10","guid":{"rendered":"http:\/\/www.eam.iua.edu.ar\/eam\/?p=6651"},"modified":"2020-05-13T19:21:51","modified_gmt":"2020-05-13T22:21:51","slug":"la-e-a-m-homenajeo-al-precursor-de-la-musica-aeronautica","status":"publish","type":"post","link":"http:\/\/www.eam.iua.edu.ar\/eam\/la-e-a-m-homenajeo-al-precursor-de-la-musica-aeronautica\/","title":{"rendered":"La E.A.M. homenaje\u00f3 al precursor de la M\u00fasica Aeron\u00e1utica"},"content":{"rendered":"<p>[vc_row][vc_column][vc_column_text el_class=\u00bbpublicaciones\u00bb]La <a href=\"http:\/\/www.eam.iua.edu.ar\/eam\/banda-de-musica\/\" target=\"_blank\" rel=\"noopener noreferrer\">Banda Militar de M\u00fasica \u201cBautismo de Fuego\u00bb<\/a> de la Escuela de Aviaci\u00f3n Militar brind\u00f3 un emotivo homenaje al Mayor D. Armando NALLI, precursor y autor de algunas marchas militares de la <a href=\"https:\/\/www.faa.mil.ar\/\" target=\"_blank\" rel=\"noopener noreferrer\">Fuerza A\u00e9rea Argentina<\/a>.<\/p>\n<p>En primer lugar y en el marco del homenaje al precursor de la m\u00fasica aeron\u00e1utica, la Banda del Instituto, a cargo del Mayor D. Gustavo ALLENDE, se hizo presente el pasado mi\u00e9rcoles 12 de septiembre en la Escuela Aeron\u00e1utica Argentina de la ciudad de C\u00f3rdoba para brindar un amplio repertorio a docentes y alumnos del establecimiento educativo.<\/p>\n<p>En el mismo, los presentes pudieron apreciar diferentes marchas militares, donde la Marcha de \u201cSan Lorenzo\u201d se destac\u00f3 con cantos y aplausos de los ni\u00f1os y adultos. Al finalizar la presentaci\u00f3n en la ya mencionada Escuela, la Banda Militar de M\u00fasica \u201cBautismo de Fuego\u201d fue muy aplaudida dejando una sonrisa y un recuerdo imborrable en los maestros y alumnos presentes.<\/p>\n<p>Posteriormente, el jueves 13 de septiembre, la Banda Militar de M\u00fasica \u201cBautismo de Fuego\u201d, brind\u00f3 un emotivo repertorio de marchas militares y canciones reconocidas al p\u00fablico de la <a href=\"http:\/\/www.eam.iua.edu.ar\/eam\/mision-y-autoridades\/\" target=\"_blank\" rel=\"noopener noreferrer\">Escuela de Aviaci\u00f3n Militar<\/a> en la Sala de Ensayo \u201cMayor NALLI\u201d. En el mismo se hicieron presentes el Subdirector del Instituto, Comodoro D. Walter BRUN, el Jefe del Cuerpo de Cadetes, Comodoro D. Gabriel\u00a0 QUIROGA, el Jefe de Grupo T\u00e9cnico Escuela, D. Francisco LEGUIZA, Personal Militar Superior y Subalterno y Personal Civil.<\/p>\n<p><strong>Rese\u00f1a hist\u00f3rica del Mayor D. Armando NALLI<\/strong><\/p>\n<p>El Mayor NALLI naci\u00f3 en Supino, provincia de Frosinone (Lazio &#8211; Italia) el 6 de septiembre de 1910. Inici\u00f3 su carrera profesional como m\u00fasico en el <a href=\"https:\/\/www.argentina.gob.ar\/ejercito\" target=\"_blank\" rel=\"noopener noreferrer\">Ej\u00e9rcito Argentino<\/a> el 10 de marzo de 1928, revistando en diferentes bandas, hasta alcanzar el grado de Sargento Ayudante en 1945.<\/p>\n<p>Se integr\u00f3 entonces a la Fuerza A\u00e9rea Argentina como Suboficial Ayudante, siendo el responsable de la organizaci\u00f3n y direcci\u00f3n de la Primer Banda Militar de la Instituci\u00f3n que formalmente fue creada el 19 de diciembre de 1945.<\/p>\n<p>Con el grado de Suboficial Principal realiz\u00f3 el Curso de Oficiales, egresando en diciembre de 1952 con la jerarqu\u00eda de Alf\u00e9rez \u00aben comisi\u00f3n\u00bb.<\/p>\n<p>El Mayor NALLI fue el creador de diferentes marchas de la Instituci\u00f3n como \u201cAlas Argentinas\u201d, \u201cAlas de la Ant\u00e1rtida\u201d, \u201cC\u00f3ndor de Plata\u201d, \u201cFuerza A\u00e9rea Argentina\u201d, \u201c1\u00aa Brigada A\u00e9rea\u201d, \u201cGeneral Urquiza\u201d, \u201cIV Brigada A\u00e9rea\u201d, \u201cTeniente Benjam\u00edn Matienzo\u201d, \u201cTeniente Feliz Origone\u201d y \u201cTeniente Luis Candelaria\u201d.<\/p>\n<p>Se desempe\u00f1\u00f3 asimismo, como el primer Inspector de Bandas de la Fuerza A\u00e9rea Argentina. Sus m\u00e9ritos trascendieron el \u00e1mbito musical estrictamente castrense, dado que al frente\u00a0de la \u201cBanda Sinf\u00f3nica de la Fuerza A\u00e9rea\u201d, que el mismo cre\u00f3, abord\u00f3 un extenso y variado repertorio de m\u00fasica ligera, folcl\u00f3rica y popular.<\/p>\n<p>Armando NALLI se retir\u00f3 de la <a href=\"https:\/\/www.faa.mil.ar\/\" target=\"_blank\" rel=\"noopener noreferrer\">Fuerza A\u00e9rea Argentina<\/a> el 31 de marzo de 1972 con el grado de Mayor. Falleci\u00f3 en la ciudad de Buenos Aires el 19 de abril de 1991.[\/vc_column_text][\/vc_column][\/vc_row][vc_row][vc_column][vc_empty_space][\/vc_column][\/vc_row][vc_row][vc_column]<video class=\"sc_video\" src=\"https:\/\/youtube.com\/embed\/w5WrdmJlygA\" width=\"100%\" height=\"\" data-width=\"100%\" data-height=\"\" data-ratio=\"16:9\" poster=\"http:\/\/www.eam.iua.edu.ar\/eam\/wp-content\/uploads\/2018\/10\/DSC_0003.jpg\" data-image=\"http:\/\/www.eam.iua.edu.ar\/eam\/wp-content\/uploads\/2018\/10\/DSC_0003.jpg\" data-align=\"center\" style=\"width:100%;\" autoplay=\"autoplay\" controls=\"controls\" loop=\"loop\"><\/video>[\/vc_column][\/vc_row][vc_row][vc_column][vc_empty_space][\/vc_column][\/vc_row][vc_row][vc_column][vc_gallery type=\u00bbimage_grid\u00bb images=\u00bb6659,6660,6661,6662,6663,6665,6666&#8243;][\/vc_column][\/vc_row]<\/p>\n","protected":false},"excerpt":{"rendered":"<p>La Banda Militar de M\u00fasica \u201cBautismo de Fuego de la Escuela de Aviaci\u00f3n Militar\u201d brind\u00f3 un emotivo homenaje al Mayor D. Armando NALLI, precursor y autor de algunas marchas militares de la Fuerza A\u00e9rea Argentina.<\/p>\n","protected":false},"author":6,"featured_media":6660,"comment_status":"closed","ping_status":"closed","sticky":false,"template":"","format":"video","meta":{"_joinchat":[],"footnotes":""},"categories":[2995],"tags":[1044,1110,95,1259],"class_list":["post-6651","post","type-post","status-publish","format-video","has-post-thumbnail","hentry","category-noticias-2","tag-banda-de-musica","tag-bautismo-de-fuego","tag-eam","tag-fuerza-aerea-argentina","post_format-post-format-video"],"_links":{"self":[{"href":"http:\/\/www.eam.iua.edu.ar\/eam\/wp-json\/wp\/v2\/posts\/6651","targetHints":{"allow":["GET"]}}],"collection":[{"href":"http:\/\/www.eam.iua.edu.ar\/eam\/wp-json\/wp\/v2\/posts"}],"about":[{"href":"http:\/\/www.eam.iua.edu.ar\/eam\/wp-json\/wp\/v2\/types\/post"}],"author":[{"embeddable":true,"href":"http:\/\/www.eam.iua.edu.ar\/eam\/wp-json\/wp\/v2\/users\/6"}],"replies":[{"embeddable":true,"href":"http:\/\/www.eam.iua.edu.ar\/eam\/wp-json\/wp\/v2\/comments?post=6651"}],"version-history":[{"count":14,"href":"http:\/\/www.eam.iua.edu.ar\/eam\/wp-json\/wp\/v2\/posts\/6651\/revisions"}],"predecessor-version":[{"id":9446,"href":"http:\/\/www.eam.iua.edu.ar\/eam\/wp-json\/wp\/v2\/posts\/6651\/revisions\/9446"}],"wp:featuredmedia":[{"embeddable":true,"href":"http:\/\/www.eam.iua.edu.ar\/eam\/wp-json\/wp\/v2\/media\/6660"}],"wp:attachment":[{"href":"http:\/\/www.eam.iua.edu.ar\/eam\/wp-json\/wp\/v2\/media?parent=6651"}],"wp:term":[{"taxonomy":"category","embeddable":true,"href":"http:\/\/www.eam.iua.edu.ar\/eam\/wp-json\/wp\/v2\/categories?post=6651"},{"taxonomy":"post_tag","embeddable":true,"href":"http:\/\/www.eam.iua.edu.ar\/eam\/wp-json\/wp\/v2\/tags?post=6651"}],"curies":[{"name":"wp","href":"https:\/\/api.w.org\/{rel}","templated":true}]}}