{"id":6947,"date":"2018-12-06T13:17:37","date_gmt":"2018-12-06T16:17:37","guid":{"rendered":"http:\/\/www.eam.iua.edu.ar\/eam\/?p=6947"},"modified":"2020-05-13T19:21:21","modified_gmt":"2020-05-13T22:21:21","slug":"estrategias-sustentables-para-la-seguridad-ambiental-una-experiencia-de-extension-en-el-noroeste-cordobes","status":"publish","type":"post","link":"http:\/\/www.eam.iua.edu.ar\/eam\/estrategias-sustentables-para-la-seguridad-ambiental-una-experiencia-de-extension-en-el-noroeste-cordobes\/","title":{"rendered":"\u201cEstrategias sustentables para la seguridad ambiental, una experiencia de Extensi\u00f3n en el noroeste cordob\u00e9s\u201d"},"content":{"rendered":"<p>[vc_row][vc_column]<figure class=\"sc_image  sc_image_shape_square\"><img decoding=\"async\" src=\"http:\/\/www.eam.iua.edu.ar\/eam\/wp-content\/uploads\/2018\/12\/Soto-1n-2.jpg\" alt=\"\" \/><\/figure>[vc_empty_space][vc_column_text el_class=\u00bbpublicaciones\u00bb]<a href=\"http:\/\/www.eam.iua.edu.ar\/eam\/formacion-de-cadete\/#planestudios\" target=\"_blank\" rel=\"noopener noreferrer\">Cadetes<\/a> de la <a href=\"http:\/\/www.eam.iua.edu.ar\" target=\"_blank\" rel=\"noopener noreferrer\">Escuela de Aviaci\u00f3n Militar<\/a> (E.A.M.), docentes de la <a href=\"http:\/\/www.agro.unc.edu.ar\/\" target=\"_blank\" rel=\"noopener noreferrer\">Facultad de Ciencias Agropecuarias de la Universidad de C\u00f3rdoba<\/a> (UNC) y docentes y alumnos del <a href=\"https:\/\/www.facebook.com\/instituto.santodomingo\/?__tn__=K-R&amp;eid=ARBg9Vka4zVesWo34NZcaUypC6naWd7iMMcs8hhH-YDI_V4RoXA55DRB_rQ3uRwcnWySOZXjS54z6FFJ&amp;fref=mentions&amp;__xts__[0]=68.ARAASR_9ZoS1l9uxzSXwyk1RD57TEG8XAN3W-V3scMsk34XhpBCSCByhG3vNlWdCHy2bKgFkqLjsuJfafd9UMSoD9ym-ehIJ_D2scWOVVi9vwZbz8a1JxkbXhZlZ8PDuQ2eP_FwcaROylEYmy9U7hfyYggvFKgYDJxdWWbUZxTmvrn6PY_6l8_fFm7b1mjnAJc2X4tpbdylWzjGHlAalrknVNUaBaI2MR06Pgiw6kMo9Ut_F0xNo-1Y2VPNRLUCXYjEvGMmdujZyAhY4O2IfP0Xjb3mR0tYJP7GC4Tfby7Fy1Cyd4xL4lPJ5MbGQYXUoJaU\" target=\"_blank\" rel=\"noopener noreferrer\">Instituto Santo Domingo<\/a> de la localidad cordobesa de <a href=\"http:\/\/Municipalidad de Villa de Soto\" target=\"_blank\" rel=\"noopener noreferrer\">Villa de Soto<\/a>, participaron en septiembre pasado del cierre del Proyecto \u201cEstrategias sustentables para la seguridad ambiental, una experiencia de Extensi\u00f3n en el noroeste cordob\u00e9s\u201d.<\/p>\n<p>Dicho proyecto, dirigido por la Dra. Claudia Romero y co dirigido por la Lic. Laura Rolles, se desarroll\u00f3 desde febrero hasta septiembre y fue financiado por la <a href=\"http:\/\/www.undef.edu.ar\" target=\"_blank\" rel=\"noopener noreferrer\">Universidad de la Defensa Nacional<\/a> (UNDEF) a trav\u00e9s del <a href=\"http:\/\/www.undef.edu.ar\/programa-undex-2018\/\" target=\"_blank\" rel=\"noopener noreferrer\">Programa de Desarrollo de la Extensi\u00f3n Universitaria \u201cUndex\u201d<\/a>.<\/p>\n<p>Esta iniciativa tuvo como objetivo promover pr\u00e1cticas sustentables de seguridad ambiental, a partir del trabajo interdisciplinario e interinstitucional.<\/p>\n<p>A partir de diferentes actividades, talleres y\u00a0 encuentros, los Cadetes de la Escuela de Aviaci\u00f3n Militar de la<a href=\"http:\/\/www.faa.mil.ar\" target=\"_blank\" rel=\"noopener noreferrer\"> Fuerza A\u00e9rea Argentina<\/a>\u00a0 conjuntamente con docentes de la Facultad de Ciencias Agropecuarias de la UNC, llevaron a cabo un proceso de intervenci\u00f3n extensionista a partir de las demandas de una escuela secundaria (Instituto Santo Domingo), realizadas sobre la seguridad ambiental de dicha localidad. Estas demandas respondieron el objetivo de las pol\u00edticas ambientales del sector de la defensa nacional, tendientes a contribuir a la pol\u00edtica ambiental nacional, el apoyo a la comunidad en caso de desastres naturales y la asistencia para la conservaci\u00f3n del patrimonio natural y cultural.<\/p>\n<p>[\/vc_column_text][\/vc_column][\/vc_row][vc_row][vc_column][vc_empty_space][\/vc_column][\/vc_row][vc_row][vc_column]<figure class=\"sc_image  sc_image_shape_square\"><img decoding=\"async\" src=\"http:\/\/www.eam.iua.edu.ar\/eam\/wp-content\/uploads\/2018\/12\/IMG-20180929-WA0010.jpg\" alt=\"\" \/><\/figure>[vc_empty_space][vc_column_text el_class=\u00bbpublicaciones\u00bb]<\/p>\n<h4>Despliegue de actividades en Villa de Soto<\/h4>\n<p>Las actividades comenzaron en febrero de 2018, con una reuni\u00f3n general del equipo extensionista a los fines de interiorizarse del proyecto, conocer los profesionales y estudiantes de distintas instituciones que formar\u00edan parte del mismo y establecer roles y funciones. Las tareas fueron din\u00e1micas y de intercambio institucional y se extendieron hasta el mes de septiembre.<\/p>\n<p>La primera etapa del proyecto fue de observaci\u00f3n, y los objetivos consistieron en reconocer el rol de la Defensa Nacional en relaci\u00f3n con la preservaci\u00f3n del ambiente y sus recursos naturales y culturales; y generar estrategias de geo-referenciaci\u00f3n de la localidad objeto. Mientras que la segunda etapa consisti\u00f3 en el desarrollo de talleres y capacitaciones referidas al desmonte, la reforestaci\u00f3n y al\u00a0 tratamiento de basura.<\/p>\n<p>Las actividades desarrolladas permitieron promover relaciones de participaci\u00f3n y v\u00ednculos entre la EAM, la UNC, la escuela secundaria, la comunidad y los medios de comunicaci\u00f3n locales.<\/p>\n<h4>Corolario<\/h4>\n<p>Como clausura del proyecto, qued\u00f3 inaugurada la Plaza del Encuentro, la cual sintetiza y grafica el fruto del trabajo desplegado en el proyecto, el cual permiti\u00f3 crear lazos entre estas instituciones educativas a trav\u00e9s del trabajo interdisciplinario y comprometido con el cuidado del medio ambiente. El evento fue declarado de inter\u00e9s por la Legislatura de la provincia de C\u00f3rdoba bajo el decreto n\u00famero D-21477\/18.<\/p>\n<p>El acto de cierre fue presidido por la Dra. Claudia Romero y la Lic. Laura Rolles y cont\u00f3 con la presencia del Obispo Castrense de las Fuerzas Armadas, Monse\u00f1or Santiago Olivera, en representaci\u00f3n del Director de la Escuela de Aviaci\u00f3n Militar estuvo presente el Vicecomodoro Alejecandro Pastr\u00e1n, acompa\u00f1ado por el Secretario de Extensi\u00f3n de la UNDEF, Dr. Emilio Cornaglia, el Decano de la Facultad de Ciencias Agropecuarias de la Universidad Nacional de C\u00f3rdoba, Ing. Agr\u00f3nomo Juan Marcelo Conrero; el Legislador del Departamento Cruz del Eje, Sr. Eugenio D\u00edaz, el Intendente de Villa de Soto, Sr. Fernando Javier Luna; la Inspectora de escuelas primarias Zona R 1 y 2 de la provincia de C\u00f3rdoba, Lic. Liliana Mabel Correa de Ferrer, la directora del Instituto Santo Domingo, Hermana Graciela Correa Britos, la VGM. Enfermera Alicia Reinoso; Cadetes, alumnos, padres y vecinos de la localidad.[\/vc_column_text][vc_empty_space][vc_text_separator title=\u00bbGaler\u00eda de im\u00e1genes\u00bb i_icon_fontawesome=\u00bbfa fa-camera\u00bb add_icon=\u00bbtrue\u00bb el_class=\u00bbpublicaciones\u00bb][\/vc_column][\/vc_row][vc_row][vc_column width=\u00bb1\/2&#8243;]<figure class=\"sc_image  sc_image_shape_square\"><img decoding=\"async\" src=\"http:\/\/www.eam.iua.edu.ar\/eam\/wp-content\/uploads\/2018\/12\/Soto-4n.jpg\" alt=\"\" \/><\/figure>[\/vc_column][vc_column width=\u00bb1\/2&#8243;]<figure class=\"sc_image  sc_image_shape_square\"><img decoding=\"async\" src=\"http:\/\/www.eam.iua.edu.ar\/eam\/wp-content\/uploads\/2018\/12\/Soto-3n.jpg\" alt=\"\" \/><\/figure>[\/vc_column][\/vc_row][vc_row][vc_column][\/vc_column][\/vc_row]<\/p>\n","protected":false},"excerpt":{"rendered":"<p>Esta iniciativa tuvo como objetivo promover pr\u00e1cticas sustentables de seguridad ambiental, a partir del trabajo interdisciplinario e interinstitucional.<\/p>\n","protected":false},"author":7,"featured_media":7001,"comment_status":"closed","ping_status":"closed","sticky":false,"template":"","format":"standard","meta":{"_joinchat":[],"footnotes":""},"categories":[2995],"tags":[121,874,1259,185,2078,1437,184],"class_list":["post-6947","post","type-post","status-publish","format-standard","has-post-thumbnail","hentry","category-noticias-2","tag-cuerpo-cadetes","tag-escuela-de-aviacion","tag-fuerza-aerea-argentina","tag-instituto-santo-domingo","tag-unc","tag-undef","tag-villa-de-soto"],"_links":{"self":[{"href":"http:\/\/www.eam.iua.edu.ar\/eam\/wp-json\/wp\/v2\/posts\/6947","targetHints":{"allow":["GET"]}}],"collection":[{"href":"http:\/\/www.eam.iua.edu.ar\/eam\/wp-json\/wp\/v2\/posts"}],"about":[{"href":"http:\/\/www.eam.iua.edu.ar\/eam\/wp-json\/wp\/v2\/types\/post"}],"author":[{"embeddable":true,"href":"http:\/\/www.eam.iua.edu.ar\/eam\/wp-json\/wp\/v2\/users\/7"}],"replies":[{"embeddable":true,"href":"http:\/\/www.eam.iua.edu.ar\/eam\/wp-json\/wp\/v2\/comments?post=6947"}],"version-history":[{"count":12,"href":"http:\/\/www.eam.iua.edu.ar\/eam\/wp-json\/wp\/v2\/posts\/6947\/revisions"}],"predecessor-version":[{"id":9434,"href":"http:\/\/www.eam.iua.edu.ar\/eam\/wp-json\/wp\/v2\/posts\/6947\/revisions\/9434"}],"wp:featuredmedia":[{"embeddable":true,"href":"http:\/\/www.eam.iua.edu.ar\/eam\/wp-json\/wp\/v2\/media\/7001"}],"wp:attachment":[{"href":"http:\/\/www.eam.iua.edu.ar\/eam\/wp-json\/wp\/v2\/media?parent=6947"}],"wp:term":[{"taxonomy":"category","embeddable":true,"href":"http:\/\/www.eam.iua.edu.ar\/eam\/wp-json\/wp\/v2\/categories?post=6947"},{"taxonomy":"post_tag","embeddable":true,"href":"http:\/\/www.eam.iua.edu.ar\/eam\/wp-json\/wp\/v2\/tags?post=6947"}],"curies":[{"name":"wp","href":"https:\/\/api.w.org\/{rel}","templated":true}]}}