{"id":7009,"date":"2018-12-10T22:00:13","date_gmt":"2018-12-11T01:00:13","guid":{"rendered":"http:\/\/www.eam.iua.edu.ar\/eam\/?p=7009"},"modified":"2020-05-13T19:21:19","modified_gmt":"2020-05-13T22:21:19","slug":"cambio-de-abanderado-y-escoltas-de-la-e-a-m","status":"publish","type":"post","link":"http:\/\/www.eam.iua.edu.ar\/eam\/cambio-de-abanderado-y-escoltas-de-la-e-a-m\/","title":{"rendered":"Cambio de Abanderado y Escoltas de la E.A.M."},"content":{"rendered":"<p>[vc_row][vc_column][vc_column_text el_class=\u00bbpublicaciones\u00bb]El martes 04 de diciembre se llev\u00f3 a cabo en la <a href=\"http:\/\/www.eam.iua.edu.ar\/eam\/mision-y-autoridades\/\" target=\"_blank\" rel=\"noopener noreferrer\">Escuela de Aviaci\u00f3n Militar<\/a>, la ceremonia por el Cambio de Abanderado y Escoltas, Ascenso de <a href=\"http:\/\/www.eam.iua.edu.ar\/eam\/informacion-general\/\" target=\"_blank\" rel=\"noopener noreferrer\">Cadetes<\/a> al Curso Inmediato Superior y al Grado de Suboficial Cadete. Adem\u00e1s, se realiz\u00f3 la entrega de premios a los Instructores distinguidos, al M\u00e9rito Docente y la Visita de los integrantes de la Asociaci\u00f3n de ex \u2013 Directores de la E.A.M.<\/p>\n<p>El acto estuvo presidido por el Director de la Escuela de Aviaci\u00f3n Militar, Brigadier D. Jos\u00e9 Mar\u00eda ACTIS, acompa\u00f1ado de los integrantes de la Asociaci\u00f3n de ex \u2013 Directores de la Escuela de Aviaci\u00f3n Militar, Subdirector, Jefes de Grupo, Personal Militar Superior y Subalterno, Personal Civil, Docente y Familiares.<\/p>\n<p>Luego de la invocaci\u00f3n religiosa, se hizo entrega de la Orden del D\u00eda declarando Hu\u00e9spedes de Honor a los Oficiales Superiores pertenecientes a la Asociaci\u00f3n de ex Directores de la E.A.M.<\/p>\n<p>Es importante destacar que la Asociaci\u00f3n de Ex Directores tiene instituida la Distinci\u00f3n \u201cBrigadier D. Roberto GIBERT\u201d que se otorga al personal responsable de la formaci\u00f3n de los cursantes en el Instituto. En esta oportunidad, el personal distinguido fue el siguiente:<\/p>\n<p>-Instructor distinguido del Grupo A\u00e9reo Escuela: Primer Teniente D. Francisco Ra\u00fal ROSAS CARAM\u00c9S.<\/p>\n<p>-Instructor distinguido del Cuerpo de Cadetes: Primer Teniente D. Facundo GERVASONI.<\/p>\n<p>-M\u00e9rito Docente: Profesora Andrea Estela del Rosario WALTER<\/p>\n<p>La emotiva ceremonia continu\u00f3 con la entrega de los diplomas por el Ascenso de Cadetes de III A\u00f1o al Curso Inmediato Superior y al grado de Suboficial Cadete.<\/p>\n<p>Posteriormente, se realiz\u00f3 el Cambio de Abanderado y Escoltas para el a\u00f1o 2019 confiriendo el honor de conducir la bandera de la Escuela de Aviaci\u00f3n Militar al Suboficial Ayudante Cadete Nicol\u00e1s Rafael PILLET<strong>, <\/strong>Escolta Bandera Derecho, Suboficial Auxiliar Cadete Gabriel PRANZETTI<strong>, <\/strong>y Escolta Bandera Izquierdo, al Suboficial Auxiliar Cadete Sa\u00fal Franco MARCA VARGAS.<\/p>\n<p>Por \u00faltimo, se llev\u00f3 a cabo el Desfile Terrestre de los efectivos formados y se realiz\u00f3 un pasaje a\u00e9reo de aeronaves <a href=\"http:\/\/www.eam.iua.edu.ar\/eam\/1-aniversario-de-la-incorporacion-de-los-t-6c-texan-ii-a-la-fuerza-aerea-argentina\/\" target=\"_blank\" rel=\"noopener noreferrer\">T-6C Texan II<\/a>.[\/vc_column_text][\/vc_column][\/vc_row][vc_row][vc_column][vc_empty_space][vc_text_separator title=\u00bbGaler\u00eda de im\u00e1genes\u00bb i_icon_fontawesome=\u00bbfa fa-camera\u00bb i_color=\u00bbcustom\u00bb color=\u00bborange\u00bb border_width=\u00bb2&#8243; add_icon=\u00bbtrue\u00bb i_custom_color=\u00bb#080a42&#8243;][\/vc_column][\/vc_row][vc_row][vc_column][vc_gallery type=\u00bbimage_grid\u00bb images=\u00bb7013,7014,7015,7017,7018,7019,7020,7021,7023,7012&#8243;][\/vc_column][\/vc_row][vc_row][vc_column][\/vc_column][\/vc_row]<\/p>\n","protected":false},"excerpt":{"rendered":"<p>El martes 04 de diciembre se llev\u00f3 a cabo en la Escuela de Aviaci\u00f3n Militar, la ceremonia por el Cambio de Abanderado y Escoltas, Ascenso de Cadetes al Curso Inmediato Superior y al Grado de Suboficial Cadete. Adem\u00e1s, se realiz\u00f3 la entrega de premios a los Instructores distinguidos, al M\u00e9rito Docente y la Visita de los integrantes de la Asociaci\u00f3n de ex \u2013 Directores de la E.A.M.<\/p>\n","protected":false},"author":6,"featured_media":7019,"comment_status":"closed","ping_status":"closed","sticky":false,"template":"","format":"standard","meta":{"_joinchat":[],"footnotes":""},"categories":[2995],"tags":[221,2120,122,95,660,1259],"class_list":["post-7009","post","type-post","status-publish","format-standard","has-post-thumbnail","hentry","category-noticias-2","tag-cadetes","tag-cambio-de-abanderado-y-escoltas","tag-ceremonias","tag-eam","tag-faa","tag-fuerza-aerea-argentina"],"_links":{"self":[{"href":"http:\/\/www.eam.iua.edu.ar\/eam\/wp-json\/wp\/v2\/posts\/7009","targetHints":{"allow":["GET"]}}],"collection":[{"href":"http:\/\/www.eam.iua.edu.ar\/eam\/wp-json\/wp\/v2\/posts"}],"about":[{"href":"http:\/\/www.eam.iua.edu.ar\/eam\/wp-json\/wp\/v2\/types\/post"}],"author":[{"embeddable":true,"href":"http:\/\/www.eam.iua.edu.ar\/eam\/wp-json\/wp\/v2\/users\/6"}],"replies":[{"embeddable":true,"href":"http:\/\/www.eam.iua.edu.ar\/eam\/wp-json\/wp\/v2\/comments?post=7009"}],"version-history":[{"count":9,"href":"http:\/\/www.eam.iua.edu.ar\/eam\/wp-json\/wp\/v2\/posts\/7009\/revisions"}],"predecessor-version":[{"id":9433,"href":"http:\/\/www.eam.iua.edu.ar\/eam\/wp-json\/wp\/v2\/posts\/7009\/revisions\/9433"}],"wp:featuredmedia":[{"embeddable":true,"href":"http:\/\/www.eam.iua.edu.ar\/eam\/wp-json\/wp\/v2\/media\/7019"}],"wp:attachment":[{"href":"http:\/\/www.eam.iua.edu.ar\/eam\/wp-json\/wp\/v2\/media?parent=7009"}],"wp:term":[{"taxonomy":"category","embeddable":true,"href":"http:\/\/www.eam.iua.edu.ar\/eam\/wp-json\/wp\/v2\/categories?post=7009"},{"taxonomy":"post_tag","embeddable":true,"href":"http:\/\/www.eam.iua.edu.ar\/eam\/wp-json\/wp\/v2\/tags?post=7009"}],"curies":[{"name":"wp","href":"https:\/\/api.w.org\/{rel}","templated":true}]}}