{"id":7032,"date":"2018-12-17T16:35:30","date_gmt":"2018-12-17T19:35:30","guid":{"rendered":"http:\/\/www.eam.iua.edu.ar\/eam\/?p=7032"},"modified":"2020-05-13T19:21:15","modified_gmt":"2020-05-13T22:21:15","slug":"egreso-de-suboficiales-cadetes-y-cadetes-de-iv-ano-de-la-e-a-m","status":"publish","type":"post","link":"http:\/\/www.eam.iua.edu.ar\/eam\/egreso-de-suboficiales-cadetes-y-cadetes-de-iv-ano-de-la-e-a-m\/","title":{"rendered":"Egreso de Suboficiales Cadetes y Cadetes de IV A\u00f1o de la E.A.M."},"content":{"rendered":"<p>[vc_row][vc_column][vc_column_text el_class=\u00bbpublicaciones\u00bb]El viernes 07 de diciembre se llev\u00f3 a cabo en el <a href=\"http:\/\/www.eam.iua.edu.ar\/eam\/formacion-de-cadete\/#planestudios\" target=\"_blank\" rel=\"noopener noreferrer\">Cuerpo de Cadetes<\/a> del Instituto, la ceremonia de Egreso de Suboficiales Cadetes y Cadetes de IV a\u00f1o de la Promoci\u00f3n LXXXIV de la <a href=\"http:\/\/www.eam.iua.edu.ar\/eam\/mision-y-autoridades\/\" target=\"_blank\" rel=\"noopener noreferrer\">Escuela de Aviaci\u00f3n Militar<\/a>.<\/p>\n<p>El evento fue presidido por el Jefe del Estado Mayor General de la Fuerza A\u00e9rea Argentina, Brigadier General \u201cVGM\u201d D. Enrique V\u00edctor AMREIN, acompa\u00f1ado por la Secretaria de Gesti\u00f3n Presupuestaria del Ministerio de Defensa, Sra. Graciela VILLATA, el Subjefe de la Fuerza A\u00e9rea, Brigadier Mayor \u00a0D. Gustavo TESTONI, el Director General de Educaci\u00f3n, Brigadier D. Mario Osvaldo COLAIZZO, Brigadieres Mayores y Brigadieres en actividad y situaci\u00f3n de retiro, el Comandante de la 2\u00b0 Divisi\u00f3n de Ejercito, el Director de la Escuela de Aviaci\u00f3n Militar, Brigadier D. Jos\u00e9 Mar\u00eda ACTIS, la Directora de Formaci\u00f3n del Ministerio de Defensa, autoridades de las Fuerzas Armadas y de Seguridad, Personal Militar Superior y Subalterno, Personal Civil, Docente, Familiares e invitados especiales.<\/p>\n<p>Luego de la invocaci\u00f3n religiosa, se realiz\u00f3 la bendici\u00f3n de despachos que se entregaron al personal que egres\u00f3.<\/p>\n<p>El Director de la Escuela de Aviaci\u00f3n Militar, Brigadier D. Jos\u00e9 Mar\u00eda ACTIS pronunci\u00f3 palabras alusivas al acto: \u201cQuiero recordarles que la vocaci\u00f3n o llamado inicial hacia esta profesi\u00f3n de servicio, libremente elegida, debe alimentarse para hacerla crecer diariamente en alegr\u00eda, serenidad y firmeza. Los felicito por los logros que han obtenido, acordes a vuestra dedicaci\u00f3n y destaco en primer lugar el esfuerzo diario que realizaron en pos de alcanzar la meta ansiada\u201d.<\/p>\n<p>\u201cEl ejemplo, el coraje, la disciplina, la lealtad, el profesionalismo y sobre todo el amor a la Patria, son conceptos que deben marcar concretamente la vida del oficial y orientar sus actitudes y decisiones diarias\u201d, sostuvo el Brigadier ACTIS.<\/p>\n<p>Posteriormente, se dio lectura a la resoluci\u00f3n de egreso y la entrega de despachos y premios a los nuevos Alfereces de la <a href=\"https:\/\/www.faa.mil.ar\/\" target=\"_blank\" rel=\"noopener noreferrer\">Fuerza A\u00e9rea Argentina<\/a>.<\/p>\n<p>En el cierre del emotivo acto, las autoridades presentes saludaron a los Oficiales reci\u00e9n egresados.[\/vc_column_text][\/vc_column][\/vc_row][vc_row][vc_column][\/vc_column][\/vc_row][vc_row][vc_column][vc_text_separator title=\u00bbGaler\u00eda de im\u00e1genes\u00bb i_icon_fontawesome=\u00bbfa fa-camera\u00bb i_color=\u00bbcustom\u00bb color=\u00bborange\u00bb border_width=\u00bb2&#8243; add_icon=\u00bbtrue\u00bb i_custom_color=\u00bb#000935&#8243;][\/vc_column][\/vc_row][vc_row][vc_column][vc_gallery type=\u00bbimage_grid\u00bb images=\u00bb7039,7040,7041,7042,7043,7046,7047,7048,7049,7050&#8243;][\/vc_column][\/vc_row]<\/p>\n","protected":false},"excerpt":{"rendered":"<p>El viernes 07 de diciembre se llev\u00f3 a cabo en el Cuerpo de Cadetes del Instituto, la ceremonia de Egreso de Suboficiales Cadetes y Cadetes de IV a\u00f1o de la Promoci\u00f3n LXXXIV de la Escuela de Aviaci\u00f3n Militar.<\/p>\n","protected":false},"author":6,"featured_media":7050,"comment_status":"closed","ping_status":"closed","sticky":false,"template":"","format":"standard","meta":{"_joinchat":[],"footnotes":""},"categories":[2995],"tags":[2123,221,122,95,139,1259],"class_list":["post-7032","post","type-post","status-publish","format-standard","has-post-thumbnail","hentry","category-noticias-2","tag-alfereces","tag-cadetes","tag-ceremonias","tag-eam","tag-egreso","tag-fuerza-aerea-argentina"],"_links":{"self":[{"href":"http:\/\/www.eam.iua.edu.ar\/eam\/wp-json\/wp\/v2\/posts\/7032","targetHints":{"allow":["GET"]}}],"collection":[{"href":"http:\/\/www.eam.iua.edu.ar\/eam\/wp-json\/wp\/v2\/posts"}],"about":[{"href":"http:\/\/www.eam.iua.edu.ar\/eam\/wp-json\/wp\/v2\/types\/post"}],"author":[{"embeddable":true,"href":"http:\/\/www.eam.iua.edu.ar\/eam\/wp-json\/wp\/v2\/users\/6"}],"replies":[{"embeddable":true,"href":"http:\/\/www.eam.iua.edu.ar\/eam\/wp-json\/wp\/v2\/comments?post=7032"}],"version-history":[{"count":6,"href":"http:\/\/www.eam.iua.edu.ar\/eam\/wp-json\/wp\/v2\/posts\/7032\/revisions"}],"predecessor-version":[{"id":9431,"href":"http:\/\/www.eam.iua.edu.ar\/eam\/wp-json\/wp\/v2\/posts\/7032\/revisions\/9431"}],"wp:featuredmedia":[{"embeddable":true,"href":"http:\/\/www.eam.iua.edu.ar\/eam\/wp-json\/wp\/v2\/media\/7050"}],"wp:attachment":[{"href":"http:\/\/www.eam.iua.edu.ar\/eam\/wp-json\/wp\/v2\/media?parent=7032"}],"wp:term":[{"taxonomy":"category","embeddable":true,"href":"http:\/\/www.eam.iua.edu.ar\/eam\/wp-json\/wp\/v2\/categories?post=7032"},{"taxonomy":"post_tag","embeddable":true,"href":"http:\/\/www.eam.iua.edu.ar\/eam\/wp-json\/wp\/v2\/tags?post=7032"}],"curies":[{"name":"wp","href":"https:\/\/api.w.org\/{rel}","templated":true}]}}