{"id":7134,"date":"2019-02-15T11:29:25","date_gmt":"2019-02-15T14:29:25","guid":{"rendered":"http:\/\/www.eam.iua.edu.ar\/eam\/?p=7134"},"modified":"2020-05-13T19:21:12","modified_gmt":"2020-05-13T22:21:12","slug":"nuevas-autoridades-en-la-escuela-de-aviacion-militar","status":"publish","type":"post","link":"http:\/\/www.eam.iua.edu.ar\/eam\/nuevas-autoridades-en-la-escuela-de-aviacion-militar\/","title":{"rendered":"Nuevas autoridades en la Escuela de Aviaci\u00f3n Militar"},"content":{"rendered":"<p>[vc_row][vc_column][vc_column_text el_class=\u00bbpublicaciones\u00bb]Durante los meses de enero y febrero del corriente a\u00f1o, se llevaron a cabo en la <a href=\"http:\/\/www.eam.iua.edu.ar\/eam\/mision-y-autoridades\/\" target=\"_blank\" rel=\"noopener noreferrer\">Escuela de Aviaci\u00f3n Militar,<\/a>\u00a0las ceremonias de cambio de autoridades del Instituto.<\/p>\n<p>EL martes 20 de enero, en horas de la ma\u00f1ana, se realiz\u00f3 la puesta en funciones del Jefe del Grupo A\u00e9reo y del Jefe del Grupo T\u00e9cnico Escuela, quedando al frente de cada grupo el Comodoro D. Carlos Gabriel CEND\u00d3N y el Vicecomodoro D. Santiago Luis MART\u00cdN respectivamente.<\/p>\n<p>El mierocles 06 de febrero asumi\u00f3 el Brigadier D. Walter Humberto BRUN como nuevo Director de la Escuela de Aviaci\u00f3n Militar reemplazando al Brigadier D. Jos\u00e9 Mar\u00eda ACTIS, quien al despedirse del Instituto pronunci\u00f3 emotivas palabras\u00a0agradeciendo a la superioridad por la confianza y el apoyo recibido al haberle concedido el honor y el privilegio de servir como \u00abDirector de la Escuela de Aviaci\u00f3n Militar\u00bb.<\/p>\n<p>Para finalizar con los cambios, el jueves 07 de febrero se realizaron las ceremonias de puesta en funciones del Comodoro D. Gustavo Alejandro P\u00c9REZ ORT\u00cdZ como Subdirector del Instituto. Posteriormente, el nuevo Director de la E.A.M., Brigadier D. Walter Humberto BRUN puso en funciones al nuevo Jefe del Cuerpo de Cadetes, Comodoro D. Patricio Hern\u00e1n PELOURS\u00d3N.<\/p>\n<p>Las ceremonias fueron particularmente emotivas, llenas de palabras de agradecimiento con el compromiso de continuar desde sus nuevos destinos, colaborando para cumplir no solo con la misi\u00f3n de la Escuela de Aviaci\u00f3n Militar sino de la Fuerza A\u00e9rea en su conjunto.[\/vc_column_text][\/vc_column][\/vc_row][vc_row][vc_column][vc_empty_space][\/vc_column][\/vc_row][vc_row][vc_column][vc_text_separator title=\u00bbGaler\u00eda de im\u00e1genes\u00bb i_icon_fontawesome=\u00bbfa fa-camera\u00bb i_color=\u00bbcustom\u00bb color=\u00bborange\u00bb border_width=\u00bb2&#8243; add_icon=\u00bbtrue\u00bb i_custom_color=\u00bb#001363&#8243;][\/vc_column][\/vc_row][vc_row][vc_column][vc_gallery type=\u00bbimage_grid\u00bb images=\u00bb7140,7169,7170,7171,7172,7145,7146,7148,7149,7150,7151,7152,7153,7154,7155&#8243;][\/vc_column][\/vc_row]<\/p>\n","protected":false},"excerpt":{"rendered":"<p>La Escuela de Aviaci\u00f3n Militar renov\u00f3 su plantel de autoridades y qued\u00f3 conformado de la siguiente manera, a cargo de la Direcci\u00f3n del Instituto, a partir del 07 de febrero, el Brigadier D. Walter Humberto BRUN, como Subdirector, el Comodoro D. Gustavo Alejandro PEREZ ORTIZ, del Cuerpo de Cadetes se hizo cargo el Comodoro D. Patricio Hern\u00e1n PELOURS\u00d3N, ambos desde el 06 de febrero.<\/p>\n","protected":false},"author":6,"featured_media":7171,"comment_status":"closed","ping_status":"closed","sticky":false,"template":"","format":"standard","meta":{"_joinchat":[],"footnotes":""},"categories":[2995],"tags":[2148,122,95,660,1259],"class_list":["post-7134","post","type-post","status-publish","format-standard","has-post-thumbnail","hentry","category-noticias-2","tag-autoridades","tag-ceremonias","tag-eam","tag-faa","tag-fuerza-aerea-argentina"],"_links":{"self":[{"href":"http:\/\/www.eam.iua.edu.ar\/eam\/wp-json\/wp\/v2\/posts\/7134","targetHints":{"allow":["GET"]}}],"collection":[{"href":"http:\/\/www.eam.iua.edu.ar\/eam\/wp-json\/wp\/v2\/posts"}],"about":[{"href":"http:\/\/www.eam.iua.edu.ar\/eam\/wp-json\/wp\/v2\/types\/post"}],"author":[{"embeddable":true,"href":"http:\/\/www.eam.iua.edu.ar\/eam\/wp-json\/wp\/v2\/users\/6"}],"replies":[{"embeddable":true,"href":"http:\/\/www.eam.iua.edu.ar\/eam\/wp-json\/wp\/v2\/comments?post=7134"}],"version-history":[{"count":14,"href":"http:\/\/www.eam.iua.edu.ar\/eam\/wp-json\/wp\/v2\/posts\/7134\/revisions"}],"predecessor-version":[{"id":9429,"href":"http:\/\/www.eam.iua.edu.ar\/eam\/wp-json\/wp\/v2\/posts\/7134\/revisions\/9429"}],"wp:featuredmedia":[{"embeddable":true,"href":"http:\/\/www.eam.iua.edu.ar\/eam\/wp-json\/wp\/v2\/media\/7171"}],"wp:attachment":[{"href":"http:\/\/www.eam.iua.edu.ar\/eam\/wp-json\/wp\/v2\/media?parent=7134"}],"wp:term":[{"taxonomy":"category","embeddable":true,"href":"http:\/\/www.eam.iua.edu.ar\/eam\/wp-json\/wp\/v2\/categories?post=7134"},{"taxonomy":"post_tag","embeddable":true,"href":"http:\/\/www.eam.iua.edu.ar\/eam\/wp-json\/wp\/v2\/tags?post=7134"}],"curies":[{"name":"wp","href":"https:\/\/api.w.org\/{rel}","templated":true}]}}