{"id":7548,"date":"2019-05-27T13:38:29","date_gmt":"2019-05-27T16:38:29","guid":{"rendered":"http:\/\/www.eam.iua.edu.ar\/eam\/?p=7548"},"modified":"2020-05-13T19:20:35","modified_gmt":"2020-05-13T22:20:35","slug":"la-escuela-de-aviacion-militar-presente-en-el-dia-nacional-de-los-monumentos","status":"publish","type":"post","link":"http:\/\/www.eam.iua.edu.ar\/eam\/la-escuela-de-aviacion-militar-presente-en-el-dia-nacional-de-los-monumentos\/","title":{"rendered":"La Escuela de Aviaci\u00f3n Militar presente en el D\u00eda Nacional de los Monumentos"},"content":{"rendered":"<p>[vc_row][vc_column]<figure class=\"sc_image  sc_image_shape_square\"><img decoding=\"async\" src=\"http:\/\/www.eam.iua.edu.ar\/eam\/wp-content\/uploads\/2019\/05\/monumentos8.jpg\" alt=\"\" \/><\/figure>[vc_empty_space][vc_column_text el_class=\u00bbpublicaciones\u00bb]<strong><em>\u201cLos pueblos que olvidan su historia est\u00e1n condenados a repetirla\u201d, <\/em><\/strong>dec\u00eda Cicer\u00f3n. Y esto avala y da fundamento a la intenci\u00f3n de la Comisi\u00f3n Nacional de Monumentos, Lugares y Bienes Hist\u00f3ricos, de la Secretar\u00eda de Gobierno de Cultura de la Naci\u00f3n al celebrar en todo el pa\u00eds la tercera edici\u00f3n del\u00a0<a href=\"https:\/\/www.argentina.gob.ar\/cultura\/monumentos\/dnm2019\">D\u00eda Nacional de los Monumentos<\/a>.<\/p>\n<p>En consonancia con este evento, la\u00a0<a href=\"http:\/\/www.eam.iua.edu.ar\/\">Escuela de Aviaci\u00f3n Militar Argentina<\/a>\u00a0abri\u00f3 sus puertas el pasado 4 de mayo cuando ni la copiosa llovizna de esa jornada sabatina impidi\u00f3 que numeroso p\u00fablico se hiciese presente en el <a href=\"http:\/\/www.eam.iua.edu.ar\/eam\/formacion-de-cadete\/#instruccion\" target=\"_blank\" rel=\"noopener noreferrer\">Cuerpo de Cadetes<\/a>.<\/p>\n<p>Fueron cientos de ciudadanos de la provincia y alrededores que a trav\u00e9s de una visita guiada pudieron conocer y valorar el rico patrimonio cultural que se encuentra en la\u00a0\u201cSala de Honor\u201d, donde pudieron observar las vitrinas que cubren el lugar, las paredes ornamentadas con los retratos de los principales precursores de la Aeron\u00e1utica Nacional y reliquias como ser el Libro Hist\u00f3rico de las Promociones de Egresados, el cual se encuentra custodiado por la r\u00e9plica de un deslumbrante sable corvo del General Don Jos\u00e9 de San Mart\u00edn, entre otros tantos elementos.<\/p>\n<p>La <a href=\"http:\/\/www.eam.iua.edu.ar\/eam\/apertura-de-sala-de-honor-y-sala-de-malvinas-en-la-escuela-de-aviacion-militar\/\" target=\"_blank\" rel=\"noopener noreferrer\">Sala Malvinas \u201cCapit\u00e1n Don Omar Jes\u00fas Castillo\u201d<\/a>, muestra otra parte de nuestra historia, donde los visitantes demostraron gran asombro por cada uno de los elementos que se encuentran representados tales como los distintos Sistemas de Armas que participaron en el conflicto del Atl\u00e1ntico Sur, grabaciones de los pilotos guardadas en un cofre, y un sill\u00f3n hist\u00f3rico para el gobernador que fuera fabricado en aquel entonces por el ebanista-escultor Tom\u00e1s Fiore, entre otras tantas.<\/p>\n<p>Adem\u00e1s,\u00a0 los visitantes pudieron disfrutar de un multifac\u00e9tico repertorio musical interpretado por la Banda Militar de M\u00fasica \u201cBautismo de Fuego\u201d.<\/p>\n<p><strong><em>\u201cEsta nueva edici\u00f3n es la oportunidad para que la gente acceda a conocer un patrimonio que es nuestro y de todos. El impacto que tiene en el p\u00fablico lo evaluamos como muy positivo y se nota por la afluencia de gente, mayor, cada vez que se organiza este evento, y es algo que tenemos que seguir fomentando\u201d.<br \/>\n<\/em><\/strong>Brigadier Walter Humberto Brun, Director de la Escuela de Aviaci\u00f3n Militar.[\/vc_column_text][\/vc_column][\/vc_row][vc_row][vc_column][vc_empty_space][\/vc_column][\/vc_row][vc_row][vc_column][vc_text_separator title=\u00bbLo que dej\u00f3 la Jornada del \u00abD\u00eda de los Monumentos\u00ab\u00bb color=\u00bbblue\u00bb el_class=\u00bbpublicaciones\u00bb][vc_empty_space][vc_column_text el_class=\u00bbpublicaciones\u00bb]<strong>Gratitud.\u00a0<em><span style=\"color: #808080\">\u201cVinimos en familia tras enterarnos a trav\u00e9s de la mam\u00e1 de un compa\u00f1erito del colegio que nos envi\u00f3 la invitaci\u00f3n del evento por whatsapp. Fue grato recibir la visita guiada que ofreci\u00f3 el Suboficial y aprender m\u00e1s de nuestra historia argentina\u201d.<\/span>\u00a0<\/em><\/strong>Dar\u00edo Mondino, visitante.<\/p>\n<p><strong>Asistencia perfecta.<em>\u00a0<span style=\"color: #808080\">\u201cEsta es la tercera vez que visito los Museos de la Escuela de Aviaci\u00f3n Militar y la primera vez que traigo a mis amigos a quienes les coment\u00e9 sobre el material e historia de este lugar. Siento un gran honor y respeto por nuestros h\u00e9roes que fueron a luchar por nosotros a Malvinas\u201d<\/span>.<\/em>\u00a0<\/strong>Gast\u00f3n\u00a0 Goldini, estudiante.<\/p>\n<p><strong>\u00a0<\/strong>[\/vc_column_text][\/vc_column][\/vc_row][vc_row][vc_column][\/vc_column][\/vc_row][vc_row][vc_column][vc_text_separator title=\u00bbGaler\u00eda de Im\u00e1genes \u00bb i_icon_fontawesome=\u00bbfa fa-camera\u00bb color=\u00bborange\u00bb add_icon=\u00bbtrue\u00bb el_class=\u00bbpublicaciones\u00bb][vc_gallery type=\u00bbimage_grid\u00bb images=\u00bb7597,7601,7594,7599&#8243; el_class=\u00bbpublicaciones\u00bb][vc_empty_space][\/vc_column][\/vc_row][vc_row][vc_column][\/vc_column][\/vc_row][vc_row][vc_column][\/vc_column][\/vc_row]<\/p>\n","protected":false},"excerpt":{"rendered":"<p>El pasado 4 y 5 de mayo se celebr\u00f3 en todo el pa\u00eds la tercera edici\u00f3n del D\u00eda Nacional de los Monumentos. <\/p>\n","protected":false},"author":7,"featured_media":7682,"comment_status":"closed","ping_status":"closed","sticky":false,"template":"","format":"standard","meta":{"_joinchat":[],"footnotes":""},"categories":[2995],"tags":[221,121,95,874,1890,2307,68,1516,2305,2306],"class_list":["post-7548","post","type-post","status-publish","format-standard","has-post-thumbnail","hentry","category-noticias-2","tag-cadetes","tag-cuerpo-cadetes","tag-eam","tag-escuela-de-aviacion","tag-escuela-de-aviacion-militar","tag-general-san-martin","tag-malvinas","tag-monumentos","tag-sala-de-honor","tag-sala-de-malvinas"],"_links":{"self":[{"href":"http:\/\/www.eam.iua.edu.ar\/eam\/wp-json\/wp\/v2\/posts\/7548","targetHints":{"allow":["GET"]}}],"collection":[{"href":"http:\/\/www.eam.iua.edu.ar\/eam\/wp-json\/wp\/v2\/posts"}],"about":[{"href":"http:\/\/www.eam.iua.edu.ar\/eam\/wp-json\/wp\/v2\/types\/post"}],"author":[{"embeddable":true,"href":"http:\/\/www.eam.iua.edu.ar\/eam\/wp-json\/wp\/v2\/users\/7"}],"replies":[{"embeddable":true,"href":"http:\/\/www.eam.iua.edu.ar\/eam\/wp-json\/wp\/v2\/comments?post=7548"}],"version-history":[{"count":52,"href":"http:\/\/www.eam.iua.edu.ar\/eam\/wp-json\/wp\/v2\/posts\/7548\/revisions"}],"predecessor-version":[{"id":9415,"href":"http:\/\/www.eam.iua.edu.ar\/eam\/wp-json\/wp\/v2\/posts\/7548\/revisions\/9415"}],"wp:featuredmedia":[{"embeddable":true,"href":"http:\/\/www.eam.iua.edu.ar\/eam\/wp-json\/wp\/v2\/media\/7682"}],"wp:attachment":[{"href":"http:\/\/www.eam.iua.edu.ar\/eam\/wp-json\/wp\/v2\/media?parent=7548"}],"wp:term":[{"taxonomy":"category","embeddable":true,"href":"http:\/\/www.eam.iua.edu.ar\/eam\/wp-json\/wp\/v2\/categories?post=7548"},{"taxonomy":"post_tag","embeddable":true,"href":"http:\/\/www.eam.iua.edu.ar\/eam\/wp-json\/wp\/v2\/tags?post=7548"}],"curies":[{"name":"wp","href":"https:\/\/api.w.org\/{rel}","templated":true}]}}