{"id":7564,"date":"2019-05-13T12:07:23","date_gmt":"2019-05-13T15:07:23","guid":{"rendered":"http:\/\/www.eam.iua.edu.ar\/eam\/?p=7564"},"modified":"2020-05-13T19:20:44","modified_gmt":"2020-05-13T22:20:44","slug":"jornada-de-puertas-abiertas-en-la-escuela-de-aviacion-militar","status":"publish","type":"post","link":"http:\/\/www.eam.iua.edu.ar\/eam\/jornada-de-puertas-abiertas-en-la-escuela-de-aviacion-militar\/","title":{"rendered":"Jornada de Puertas Abiertas en la Escuela de Aviaci\u00f3n Militar"},"content":{"rendered":"<p>[vc_row][vc_column]<figure class=\"sc_image  sc_image_shape_square\"><img decoding=\"async\" src=\"http:\/\/www.eam.iua.edu.ar\/eam\/wp-content\/uploads\/2019\/05\/mundial-paracaidismo2.jpg\" alt=\"\" \/><\/figure>[\/vc_column][\/vc_row][vc_row][vc_column][vc_empty_space height=\u00bb20px\u00bb][\/vc_column][\/vc_row][vc_row][vc_column][vc_column_text]<\/p>\n<p style=\"text-align: justify;\">La Rep\u00fablica Argentina y en particular la Provincia de C\u00f3rdoba se preparan para vivir uno de los acontecimientos m\u00e1ximos del aerodeporte, con la disputa entre los d\u00edas 19 y 26 de Mayo del <a href=\"http:\/\/faiworldcup2019.com.ar\/\" target=\"_blank\" rel=\"noopener noreferrer\">14 Campeonato Mundial de Paracaidismo<\/a>, convocado por la <a href=\"https:\/\/www.fai.org\/\" target=\"_blank\" rel=\"noopener noreferrer\">Federaci\u00f3n Aeron\u00e1utica Internacional (FAI).<\/a><\/p>\n<p style=\"text-align: justify;\">El escenario principal de las competencias ser\u00e1 la <a href=\"http:\/\/www.eam.iua.edu.ar\" target=\"_blank\" rel=\"noopener noreferrer\">Escuela de Aviaci\u00f3n Militar<\/a>, el cual se adecua por su tradici\u00f3n aeron\u00e1utica a un evento de esta magnitud. La ceremonia de apertura se realizar\u00e1 con las delegaciones intervinientes el domingo 19 de Mayo en Play\u00f3n Polideportivo de la ciudad de Villa Carlos Paz, a partir de las <strong>16:00 hs<\/strong>. Las competencias se disputaran en las instalaciones del Instituto de la Fuerza A\u00e9rea entre el <strong>lunes 20 y s\u00e1bado 25.<\/strong><\/p>\n<p style=\"text-align: justify;\">Como cierre de este importante evento, el domingo 26 de Mayo ser\u00e1 destinado a una Jornada de Puertas Abiertas con muestras est\u00e1ticas y demostraciones a\u00e9reas con libre acceso al p\u00fablico en general.<br \/>\nEl horario de esta jornada se extender\u00e1 de <strong>10:00 a 18:00 hs<\/strong>.<\/p>\n<p>[\/vc_column_text][\/vc_column][\/vc_row]<\/p>\n","protected":false},"excerpt":{"rendered":"<p>[vc_row][vc_column][\/vc_column][\/vc_row][vc_row][vc_column][vc_empty_space height=\u00bb20px\u00bb][\/vc_column][\/vc_row][vc_row][vc_column][vc_column_text] La Rep\u00fablica Argentina y en particular la Provincia de C\u00f3rdoba se preparan para vivir uno de los acontecimientos m\u00e1ximos del aerodeporte, con la disputa entre los d\u00edas 19 y 26 de Mayo del 14 Campeonato Mundial de Paracaidismo, convocado por la Federaci\u00f3n Aeron\u00e1utica Internacional (FAI). El escenario principal de las competencias ser\u00e1 la [&hellip;]<\/p>\n","protected":false},"author":5,"featured_media":7569,"comment_status":"closed","ping_status":"closed","sticky":false,"template":"","format":"standard","meta":{"_joinchat":[],"footnotes":""},"categories":[2995],"tags":[2333,2332,95,1890,2334,2329,2330,2331,2335],"class_list":["post-7564","post","type-post","status-publish","format-standard","has-post-thumbnail","hentry","category-noticias-2","tag-14faiworldcup","tag-14thfaiworldcup","tag-eam","tag-escuela-de-aviacion-militar","tag-federacionargentinadeparacaidismo","tag-jornada-de-puertas-abiertas","tag-mundial-de-paracaidismo","tag-paracaidismo","tag-yaestamos"],"_links":{"self":[{"href":"http:\/\/www.eam.iua.edu.ar\/eam\/wp-json\/wp\/v2\/posts\/7564","targetHints":{"allow":["GET"]}}],"collection":[{"href":"http:\/\/www.eam.iua.edu.ar\/eam\/wp-json\/wp\/v2\/posts"}],"about":[{"href":"http:\/\/www.eam.iua.edu.ar\/eam\/wp-json\/wp\/v2\/types\/post"}],"author":[{"embeddable":true,"href":"http:\/\/www.eam.iua.edu.ar\/eam\/wp-json\/wp\/v2\/users\/5"}],"replies":[{"embeddable":true,"href":"http:\/\/www.eam.iua.edu.ar\/eam\/wp-json\/wp\/v2\/comments?post=7564"}],"version-history":[{"count":5,"href":"http:\/\/www.eam.iua.edu.ar\/eam\/wp-json\/wp\/v2\/posts\/7564\/revisions"}],"predecessor-version":[{"id":9418,"href":"http:\/\/www.eam.iua.edu.ar\/eam\/wp-json\/wp\/v2\/posts\/7564\/revisions\/9418"}],"wp:featuredmedia":[{"embeddable":true,"href":"http:\/\/www.eam.iua.edu.ar\/eam\/wp-json\/wp\/v2\/media\/7569"}],"wp:attachment":[{"href":"http:\/\/www.eam.iua.edu.ar\/eam\/wp-json\/wp\/v2\/media?parent=7564"}],"wp:term":[{"taxonomy":"category","embeddable":true,"href":"http:\/\/www.eam.iua.edu.ar\/eam\/wp-json\/wp\/v2\/categories?post=7564"},{"taxonomy":"post_tag","embeddable":true,"href":"http:\/\/www.eam.iua.edu.ar\/eam\/wp-json\/wp\/v2\/tags?post=7564"}],"curies":[{"name":"wp","href":"https:\/\/api.w.org\/{rel}","templated":true}]}}