{"id":7637,"date":"2019-05-22T11:55:06","date_gmt":"2019-05-22T14:55:06","guid":{"rendered":"http:\/\/www.eam.iua.edu.ar\/eam\/?p=7637"},"modified":"2020-05-13T19:20:39","modified_gmt":"2020-05-13T22:20:39","slug":"ejercicio-operativo-adaptacion-al-terreno-2019","status":"publish","type":"post","link":"http:\/\/www.eam.iua.edu.ar\/eam\/ejercicio-operativo-adaptacion-al-terreno-2019\/","title":{"rendered":"Ejercicio Operativo Adaptaci\u00f3n al Terreno 2019"},"content":{"rendered":"<p>[vc_row][vc_column][vc_column_text el_class=\u00bbpublicaciones\u00bb]Desde el 23 hasta el 27 de abril, los Cadetes de I A\u00f1o pertenecientes a la promoci\u00f3n LXXXVIII de la <a href=\"http:\/\/Escuela de Aviaci\u00f3n Militar\" target=\"_blank\" rel=\"noopener noreferrer\">Escuela de Aviaci\u00f3n Militar<\/a> (EAM) realizaron el <a href=\"http:\/\/www.eam.iua.edu.ar\/eam\/ejercicio-operativo-adaptacion-al-terreno-2017\/\" target=\"_blank\" rel=\"noopener noreferrer\">Ejercicio Operativo denominado \u201cAdaptaci\u00f3n al Terreno\u201d. <\/a>El mismo se efectu\u00f3 en el predio del Campo de Tiro \u201cLa Cruz\u201d en la provincia de C\u00f3rdoba.<\/p>\n<p>En este trascendente primer paso de su \u201cvocaci\u00f3n\u201d, los <a href=\"http:\/\/www.eam.iua.edu.ar\/eam\/formacion-de-cadete\/#planestudios\" target=\"_blank\" rel=\"noopener noreferrer\">Cadetes<\/a> dejaron atr\u00e1s las costumbres de su d\u00eda a d\u00eda dentro del <a href=\"http:\/\/www.eam.iua.edu.ar\/eam\/formacion-de-cadete\/#instruccion\" target=\"_blank\" rel=\"noopener noreferrer\">Cuerpo de Cadetes<\/a> y comenzaron a vivenciar las vicisitudes de la vida militar como soldados miembros de una unidad de combate.<\/p>\n<p>De este modo llevaron a la pr\u00e1ctica la teor\u00eda adquirida en estos meses desde su incorporaci\u00f3n a la EAM.<\/p>\n<h4>Actividades en el Terreno<\/h4>\n<p>Resistencia, sentido com\u00fan y t\u00e9cnicas para sortear obst\u00e1culos fueron , por ejemplo, parte del desarrollo de esta maniobra, sumado a la construcci\u00f3n de refugios en los cuales debieron pasar los d\u00edas y noches ocultos de la vista del posible \u201cenemigo\u201d. Otro aspecto es el racionamiento de sus v\u00edveres provistos. El factor clim\u00e1tico desfavorable que se mantuvo presente durante todo el ejercicio signific\u00f3 una limitaci\u00f3n m\u00e1s a superar por los <a href=\"http:\/\/www.eam.iua.edu.ar\/eam\/formacion-de-cadete\/#vidacadete\" target=\"_blank\" rel=\"noopener noreferrer\">Cadetes<\/a> en todo su desarrollo.<\/p>\n<p>Se llevaron a cabo actividades de navegaci\u00f3n terrestre tanto diurna como nocturna mediante la aplicaci\u00f3n de diferentes m\u00e9todos, aplicaci\u00f3n pr\u00e1ctica de protocolos de primeros auxilios frente a diversas situaciones presentadas, y como prueba final del ejercicio se puso en ejecuci\u00f3n la dif\u00edcil \u201cPista de Reacci\u00f3n\u201d, la cual est\u00e1 compuesta por varias estaciones con obst\u00e1culos debiendo los Cadetes demostrar la fuerza y agilidad f\u00edsica, destreza, ingenio y resistencia para superar las dificultades dispuestas a trav\u00e9s de cada montaje, focalizando todas estas pruebas en el trabajo en equipo.[\/vc_column_text][\/vc_column][\/vc_row][vc_row][vc_column][vc_text_separator title=\u00bbGaler\u00eda de Im\u00e1genes\u00bb i_icon_fontawesome=\u00bbfa fa-camera\u00bb color=\u00bborange\u00bb add_icon=\u00bbtrue\u00bb el_class=\u00bbpublicaciones\u00bb][vc_gallery type=\u00bbimage_grid\u00bb images=\u00bb7646,7640,7641,7642,7644,7643,7645&#8243; el_class=\u00bbpublicaciones\u00bb][\/vc_column][\/vc_row][vc_row][vc_column][\/vc_column][\/vc_row]<\/p>\n","protected":false},"excerpt":{"rendered":"<p>Desde el 23 hasta el 27 de abril, los Cadetes de I A\u00f1o pertenecientes a la promoci\u00f3n LXXXVIII de la Escuela de Aviaci\u00f3n Militar (EAM) realizaron el Ejercicio Operativo denominado \u201cAdaptaci\u00f3n al Terreno\u201d, el mismo se efectu\u00f3 en el predio del Campo de Tiro \u201cLa Cruz\u201d en la provincia de C\u00f3rdoba.<\/p>\n","protected":false},"author":7,"featured_media":7648,"comment_status":"closed","ping_status":"closed","sticky":false,"template":"","format":"standard","meta":{"_joinchat":[],"footnotes":""},"categories":[2995],"tags":[1157,221,121,95,874,1890,134],"class_list":["post-7637","post","type-post","status-publish","format-standard","has-post-thumbnail","hentry","category-noticias-2","tag-adaptacion-al-terreno","tag-cadetes","tag-cuerpo-cadetes","tag-eam","tag-escuela-de-aviacion","tag-escuela-de-aviacion-militar","tag-maniobras"],"_links":{"self":[{"href":"http:\/\/www.eam.iua.edu.ar\/eam\/wp-json\/wp\/v2\/posts\/7637","targetHints":{"allow":["GET"]}}],"collection":[{"href":"http:\/\/www.eam.iua.edu.ar\/eam\/wp-json\/wp\/v2\/posts"}],"about":[{"href":"http:\/\/www.eam.iua.edu.ar\/eam\/wp-json\/wp\/v2\/types\/post"}],"author":[{"embeddable":true,"href":"http:\/\/www.eam.iua.edu.ar\/eam\/wp-json\/wp\/v2\/users\/7"}],"replies":[{"embeddable":true,"href":"http:\/\/www.eam.iua.edu.ar\/eam\/wp-json\/wp\/v2\/comments?post=7637"}],"version-history":[{"count":8,"href":"http:\/\/www.eam.iua.edu.ar\/eam\/wp-json\/wp\/v2\/posts\/7637\/revisions"}],"predecessor-version":[{"id":9416,"href":"http:\/\/www.eam.iua.edu.ar\/eam\/wp-json\/wp\/v2\/posts\/7637\/revisions\/9416"}],"wp:featuredmedia":[{"embeddable":true,"href":"http:\/\/www.eam.iua.edu.ar\/eam\/wp-json\/wp\/v2\/media\/7648"}],"wp:attachment":[{"href":"http:\/\/www.eam.iua.edu.ar\/eam\/wp-json\/wp\/v2\/media?parent=7637"}],"wp:term":[{"taxonomy":"category","embeddable":true,"href":"http:\/\/www.eam.iua.edu.ar\/eam\/wp-json\/wp\/v2\/categories?post=7637"},{"taxonomy":"post_tag","embeddable":true,"href":"http:\/\/www.eam.iua.edu.ar\/eam\/wp-json\/wp\/v2\/tags?post=7637"}],"curies":[{"name":"wp","href":"https:\/\/api.w.org\/{rel}","templated":true}]}}