{"id":7684,"date":"2019-05-29T13:47:37","date_gmt":"2019-05-29T16:47:37","guid":{"rendered":"http:\/\/www.eam.iua.edu.ar\/eam\/?p=7684"},"modified":"2020-05-13T19:20:32","modified_gmt":"2020-05-13T22:20:32","slug":"primera-jornada-de-difusion-para-orientadores-vocacionales","status":"publish","type":"post","link":"http:\/\/www.eam.iua.edu.ar\/eam\/primera-jornada-de-difusion-para-orientadores-vocacionales\/","title":{"rendered":"\u201cPrimera Jornada de Difusi\u00f3n para Orientadores Vocacionales\u201d"},"content":{"rendered":"<p>[vc_row][vc_column]<figure class=\"sc_image  sc_image_shape_square\"><img decoding=\"async\" src=\"http:\/\/www.eam.iua.edu.ar\/eam\/wp-content\/uploads\/2019\/05\/orientadores9nueva-1.jpg\" alt=\"\" \/><\/figure>[vc_empty_space][vc_column_text]Las legendarias \u201cDos Torres\u201d de la <a href=\"http:\/\/www.eam.iua.edu.ar\" target=\"_blank\" rel=\"noopener noreferrer\">Escuela de Aviaci\u00f3n Militar<\/a> fue el punto de encuentro de docentes y orientadores vocacionales, que en el <a href=\"http:\/\/www.eam.iua.edu.ar\/eam\/formacion-de-cadete\/#planestudios\" target=\"_blank\" rel=\"noopener noreferrer\">Cuerpo de Cadetes<\/a> fueron parte de la \u201c<strong>Primera Jornada de Difusi\u00f3n para Orientadores Vocacionales<\/strong>\u201d.<\/p>\n<p>La invitaci\u00f3n de ser parte de una capacitaci\u00f3n e informaci\u00f3n sobre la<a href=\"http:\/\/www.eam.iua.edu.ar\/eam\/informacion-general\/\" target=\"_blank\" rel=\"noopener noreferrer\"> carrera del Oficial de Fuerza A\u00e9rea Argentina<\/a> no pudo ser mejor recibida, pues son ellos, los encargados de informar y guiar a los j\u00f3venes de los colegios secundarios en sus decisiones futuras.<\/p>\n<p>Justamente fue el Secretario de Apoyo Administrativo del <a href=\"http:\/\/www.eam.iua.edu.ar\/eam\/formacion-de-cadete\/#instruccion\" target=\"_blank\" rel=\"noopener noreferrer\">Cuerpo de Cadetes<\/a> de la <strong>EAM<\/strong>, Vicecomodoro Fabi\u00e1n OVIEDO, quien expuso los pasos que recorre el Cadete hasta su egreso con el grado de Alf\u00e9rez, la <a href=\"http:\/\/www.eam.iua.edu.ar\/eam\/preguntas-frecuentes\/#1524061531670-b6af3ffd-25a2\" target=\"_blank\" rel=\"noopener noreferrer\">Licenciatura en Conducci\u00f3n en Recursos Aeroespaciales para la Defensa (<strong>LICRAD<\/strong>)<\/a> y los requisitos que debe reunir un Oficial para ser destinado a los diferentes <a href=\"http:\/\/www.eam.iua.edu.ar\/eam\/proyeccion-profesional\/\" target=\"_blank\" rel=\"noopener noreferrer\">Escalafones y Especialidades<\/a>.<\/p>\n<p>Luego, cedi\u00f3 la palabra a la Licenciada Victoria LIENDO, integrante del Gabinete Psicopedag\u00f3gico, quien desentra\u00f1\u00f3 el porqu\u00e9 del perfil solicitado para iniciar la mencionada carrera, t\u00e9cnicas de selecci\u00f3n y bater\u00edas de test que se realizan.<\/p>\n<p>Posteriormente, la representante de la Divisi\u00f3n Difusi\u00f3n de la Secretar\u00eda de Apoyo Administrativo dependiente del Cuerpo de Cadetes, Licenciada Cecilia N\u00fa\u00f1es, inform\u00f3\u00a0 a los profesionales presentes sobre el proceso de ingreso de los candidatos.<\/p>\n<p>Tras ello los asistentes disfrutaron de un coffee break, momento durante el cual realizaron un intercambio de apreciaciones y evacuaron dudas respecto a todo lo presentado.<\/p>\n<h4>Visita guiada<\/h4>\n<p>Al cierre del receso, los asistentes tuvieron la oportunidad de recorrer las distinguidas Salas Hist\u00f3ricas del Cuerpo de Cadetes: \u201cSala de Honor\u201d y la Sala Malvinas \u201cCapit\u00e1n Don Omar Jes\u00fas Castillo\u201d.<\/p>\n<p>A continuaci\u00f3n, en el hall del Grupo A\u00e9reo Escuela (GAE), el Comodoro Gabriel CENDON dio la bienvenida a los asistentes de esta Jornada y explic\u00f3 las tareas que se desarrollan all\u00ed y los Sistemas de Armas (S.Arm.) que se encuentran actualmente operando para la instrucci\u00f3n y el adiestramiento de los Pilotos.<\/p>\n<p>Luego la comitiva se dirigi\u00f3 hasta el hangar del Grupo T\u00e9cnico donde recibieron informaci\u00f3n del Jefe de dicha \u00e1rea, Vicecomodoro Santiago MART\u00cdN, sobre las tareas que despliega all\u00ed el personal, y tuvieron la oportunidad de tomar contacto y fotografiarse con la aeronave <a href=\"http:\/\/www.eam.iua.edu.ar\/eam\/1-aniversario-de-la-incorporacion-de-los-t-6c-texan-ii-a-la-fuerza-aerea-argentina\/\" target=\"_blank\" rel=\"noopener noreferrer\">T-6C Texan II<\/a>.<\/p>\n<p>Para dar cierre a esta Jornada, el <a href=\"http:\/\/www.eam.iua.edu.ar\/eam\/nuevas-autoridades-en-la-escuela-de-aviacion-militar\/\" target=\"_blank\" rel=\"noopener noreferrer\">Director de la EAM y Jefe de la Guarnici\u00f3n A\u00e9rea C\u00f3rdoba, Brigadier Walter Humberto BRUN<\/a>, agradeci\u00f3 a los profesionales \u201cpor su presencia en esta primer Jornada, por cuanto significa un aporte importante como gu\u00eda de los j\u00f3venes para su ingreso. La Escuela de Aviaci\u00f3n Militar queda a disposici\u00f3n para la visita de los alumnos y sus colegios y todas las dudas que podamos evacuar en ese sentido\u201d.<\/p>\n<h4>Apreciaciones<\/h4>\n<p><strong><em>\u201cLa jornada ha sido positiva por la informaci\u00f3n brindada y la posibilidad de conocer las instalaciones de la EAM. Ver al personal en el desarrollo de las actividades diarias, los cursantes en el <\/em><\/strong><em><a href=\"http:\/\/www.eam.iua.edu.ar\/eam\/nuevos-caballeros-del-aire\/\" target=\"_blank\" rel=\"noopener noreferrer\">Curso de Aviador<\/a><\/em><em><a href=\"http:\/\/www.eam.iua.edu.ar\/eam\/nuevos-caballeros-del-aire\/\" target=\"_blank\" rel=\"noopener noreferrer\"> Militar<\/a><\/em><strong><em> (CAM) y en el hangar realizando tareas de mantenimiento de los aviones, me pareci\u00f3 lo m\u00e1s ilustrativo sobre lo que realiza el personal\u201d<\/em><\/strong><em>.<\/em>\u00a0Teniente Coronel Ram\u00f3n Mario Humberto AMIEVA, Jefe del Cuerpo de Cadetes del <a href=\"http:\/\/liceopaz.edu.ar\/\" target=\"_blank\" rel=\"noopener noreferrer\">Liceo Militar \u00abGeneral Paz\u00bb<\/a>.<\/p>\n<p><strong><em>\u201cFue una jornada clara, concreta y sumamente provechosa que profundiz\u00f3 en los aspectos que nosotros como orientadores necesitamos conocer. Esta jornada nos permite mirar la importancia de la preparaci\u00f3n integral, de la cuesti\u00f3n f\u00edsica, los aspectos cognitivos e intelectuales que son importantes como pilares para la cuesti\u00f3n aeron\u00e1utica. A futuro ser\u00e1 sumamente positiva por cuanto podremos brindar\u00a0 una informaci\u00f3n integral a los alumnos\u201d<\/em><\/strong>. Magdalena MOTHE, Orientadora vocacional de la <a href=\"http:\/\/www.igualdadycalidadcba.gov.ar\/SIPEC-CBA\/\" target=\"_blank\" rel=\"noopener noreferrer\">Subsecretar\u00eda de Promoci\u00f3n de Igualdad y Calidad Educativa dependiente del Ministerio de Educaci\u00f3n de la Provincia de C\u00f3rdoba (SPIyCE)<\/a>.[\/vc_column_text][vc_empty_space][\/vc_column][\/vc_row][vc_row][vc_column][vc_text_separator title=\u00bbGaler\u00eda de Im\u00e1genes\u00bb i_icon_fontawesome=\u00bbfa fa-camera\u00bb color=\u00bborange\u00bb add_icon=\u00bbtrue\u00bb el_class=\u00bbpublicaciones\u00bb][\/vc_column][\/vc_row][vc_row][vc_column][vc_empty_space][vc_gallery type=\u00bbimage_grid\u00bb images=\u00bb7702,7698,7701,7696,7697,7699,7692,7700,7693,7694,7695&#8243; el_class=\u00bbpublicaciones\u00bb][\/vc_column][\/vc_row][vc_row][vc_column][\/vc_column][\/vc_row][vc_row][vc_column][\/vc_column][\/vc_row]<\/p>\n","protected":false},"excerpt":{"rendered":"<p>Las legendarias \u201cDos Torres\u201d de la Escuela de Aviaci\u00f3n Militar fue el punto de encuentro de docentes y orientadores vocacionales, que en el Cuerpo de Cadetes fueron parte de la \u201cPrimera Jornada de Difusi\u00f3n para Orientadores Vocacionales\u201d.<\/p>\n","protected":false},"author":7,"featured_media":7706,"comment_status":"closed","ping_status":"closed","sticky":false,"template":"","format":"standard","meta":{"_joinchat":[],"footnotes":""},"categories":[2995],"tags":[221,121,100,95,874,1890,660,1259,1420,2395,222,2392,2393,2394,132,102],"class_list":["post-7684","post","type-post","status-publish","format-standard","has-post-thumbnail","hentry","category-noticias-2","tag-cadetes","tag-cuerpo-cadetes","tag-deportes","tag-eam","tag-escuela-de-aviacion","tag-escuela-de-aviacion-militar","tag-faa","tag-fuerza-aerea-argentina","tag-grupo-aereo-escuela","tag-liceo-militar-general-paz","tag-licrad","tag-orientadores-vocacionales","tag-salas-historicas","tag-spiyce","tag-texan-ii","tag-visitas"],"_links":{"self":[{"href":"http:\/\/www.eam.iua.edu.ar\/eam\/wp-json\/wp\/v2\/posts\/7684","targetHints":{"allow":["GET"]}}],"collection":[{"href":"http:\/\/www.eam.iua.edu.ar\/eam\/wp-json\/wp\/v2\/posts"}],"about":[{"href":"http:\/\/www.eam.iua.edu.ar\/eam\/wp-json\/wp\/v2\/types\/post"}],"author":[{"embeddable":true,"href":"http:\/\/www.eam.iua.edu.ar\/eam\/wp-json\/wp\/v2\/users\/7"}],"replies":[{"embeddable":true,"href":"http:\/\/www.eam.iua.edu.ar\/eam\/wp-json\/wp\/v2\/comments?post=7684"}],"version-history":[{"count":10,"href":"http:\/\/www.eam.iua.edu.ar\/eam\/wp-json\/wp\/v2\/posts\/7684\/revisions"}],"predecessor-version":[{"id":9414,"href":"http:\/\/www.eam.iua.edu.ar\/eam\/wp-json\/wp\/v2\/posts\/7684\/revisions\/9414"}],"wp:featuredmedia":[{"embeddable":true,"href":"http:\/\/www.eam.iua.edu.ar\/eam\/wp-json\/wp\/v2\/media\/7706"}],"wp:attachment":[{"href":"http:\/\/www.eam.iua.edu.ar\/eam\/wp-json\/wp\/v2\/media?parent=7684"}],"wp:term":[{"taxonomy":"category","embeddable":true,"href":"http:\/\/www.eam.iua.edu.ar\/eam\/wp-json\/wp\/v2\/categories?post=7684"},{"taxonomy":"post_tag","embeddable":true,"href":"http:\/\/www.eam.iua.edu.ar\/eam\/wp-json\/wp\/v2\/tags?post=7684"}],"curies":[{"name":"wp","href":"https:\/\/api.w.org\/{rel}","templated":true}]}}