{"id":7751,"date":"2019-06-04T21:58:46","date_gmt":"2019-06-05T00:58:46","guid":{"rendered":"http:\/\/www.eam.iua.edu.ar\/eam\/?p=7751"},"modified":"2020-05-13T19:20:28","modified_gmt":"2020-05-13T22:20:28","slug":"la-escuela-de-aviacion-militar-brillo-en-la-jornada-de-puertas-abiertas","status":"publish","type":"post","link":"http:\/\/www.eam.iua.edu.ar\/eam\/la-escuela-de-aviacion-militar-brillo-en-la-jornada-de-puertas-abiertas\/","title":{"rendered":"La Escuela de Aviaci\u00f3n Militar brill\u00f3 en la Jornada de Puertas Abiertas"},"content":{"rendered":"<p>[vc_row][vc_column]<figure class=\"sc_image  sc_image_shape_square\"><img decoding=\"async\" src=\"http:\/\/www.eam.iua.edu.ar\/eam\/wp-content\/uploads\/2019\/06\/jornada-puertas-abiertas-eam.jpg\" alt=\"\" \/><\/figure>[\/vc_column][\/vc_row][vc_row][vc_column][vc_empty_space height=\u00bb18px\u00bb][\/vc_column][\/vc_row][vc_row][vc_column][vc_column_text]<\/p>\n<p style=\"text-align: justify\">El cielo celeste y el sol radiante que iluminaba el pie de las sierras de C\u00f3rdoba fueron el escenario perfecto para volver a vivir una jornada a puro vuelo en la Escuela de Aviaci\u00f3n Militar. Miles de personas disfrutaron de los espect\u00e1culos a\u00e9reos, shows de acrobacia y pasajes a\u00e9reos de los distintos sistemas de armas de la Fuerza A\u00e9rea Argentina en el marco del cierre del 14\u00ba Mundial de Paracaidismo que se desarroll\u00f3 en nuestra ciudad.<\/p>\n<p style=\"text-align: justify\">Durante la tarde, el Director de la Escuela de Aviaci\u00f3n Militar, Brigadier D. Walter Humberto BRUN, estuvo acompa\u00f1ado por la Se\u00f1ora Susana Graciela VILLATA, Secretaria de Gesti\u00f3n Presupuestaria y Control del Ministerio de Defensa,\u00a0 quien disfrut\u00f3 del espect\u00e1culo a\u00e9reo.<br \/>\nDiversas autoridades de la Guarnici\u00f3n A\u00e9rea C\u00f3rdoba participaron de este evento, como Brigadieres en situaci\u00f3n de retiro, Jefes de Unidades y Organismos, Personal Militar Superior, Subalterno, Civil y Soldados Voluntarios.<\/p>\n<p style=\"text-align: justify\">A lo largo de la jornada se disfrutaron de los pasajes de los sistemas de armas TEXAN II, GROB, A4-AR, IA-63 PAMPA, C-130 \u201cH\u00c9RCULES\u201d y del Helic\u00f3ptero Bell 212. Tambi\u00e9n se pudo apreciar una demostraci\u00f3n de los prototipos del Escuadr\u00f3n SANT (Sistemas A\u00e9reos No Tripulados),\u00a0 pasajes en vuelo de Planeador, lanzamiento de paracaidistas civiles y militares desde el C-130 \u201cH\u00e9rcules\u201d, shows de acrobacias a\u00e9reas a cargo de Jorge Malatini y Sergio Marinha, y demostraciones de aeromodelismo.<\/p>\n<p>[\/vc_column_text][\/vc_column][\/vc_row][vc_row][vc_column][vc_empty_space height=\u00bb15px\u00bb][\/vc_column][\/vc_row][vc_row][vc_column][vc_gallery type=\u00bbimage_grid\u00bb images=\u00bb7766,7771,7759,7765,7777,7758,7757,7756,7753,7770&#8243;][\/vc_column][\/vc_row][vc_row][vc_column][vc_empty_space height=\u00bb20px\u00bb][\/vc_column][\/vc_row][vc_row][vc_column][vc_column_text]<\/p>\n<p style=\"text-align: justify\">Los stands de difusi\u00f3n de los Institutos de formaci\u00f3n de la Fuerza A\u00e9rea Argentina dijeron presente en la jornada representando a la Escuela de Aviaci\u00f3n Militar y la Escuela de Suboficiales de la Fuerza A\u00e9rea Argentina.<\/p>\n<p style=\"text-align: justify\">Las muestras est\u00e1ticas tambi\u00e9n fueron un atractivo destacado en el predio con unidades de Fuerza A\u00e9rea Argentina, Ej\u00e9rcito Argentino, FADEA y entidades privadas que mostraron su material.<\/p>\n<p>[\/vc_column_text][\/vc_column][\/vc_row][vc_row][vc_column][vc_empty_space height=\u00bb15px\u00bb][\/vc_column][\/vc_row][vc_row][vc_column]<video class=\"sc_video\" src=\"https:\/\/youtube.com\/embed\/OXaGv-CXfPg\" width=\"100%\" height=\"\" data-width=\"100%\" data-height=\"\" data-ratio=\"4:3\" poster=\"http:\/\/www.eam.iua.edu.ar\/eam\/wp-content\/uploads\/2019\/06\/portada-jornada-puertas-abiertas.jpg\" data-image=\"http:\/\/www.eam.iua.edu.ar\/eam\/wp-content\/uploads\/2019\/06\/portada-jornada-puertas-abiertas.jpg\" data-align=\"center\" style=\"width:100%;\" autoplay=\"autoplay\" controls=\"controls\" loop=\"loop\"><\/video>[\/vc_column][\/vc_row][vc_row][vc_column][vc_empty_space][\/vc_column][\/vc_row][vc_row][vc_column][vc_column_text]<\/p>\n<h4>La Jornada de Puertas Abiertas en fotos<\/h4>\n<p>[\/vc_column_text][\/vc_column][\/vc_row][vc_row][vc_column][vc_gallery type=\u00bbimage_grid\u00bb images=\u00bb7763,7772,7755,7773,7774,7769,7768,7758,7767,7754,7775,7776,7762,7761,7760,7771&#8243;][\/vc_column][\/vc_row]<\/p>\n","protected":false},"excerpt":{"rendered":"<p>[vc_row][vc_column][\/vc_column][\/vc_row][vc_row][vc_column][vc_empty_space height=\u00bb18px\u00bb][\/vc_column][\/vc_row][vc_row][vc_column][vc_column_text] El cielo celeste y el sol radiante que iluminaba el pie de las sierras de C\u00f3rdoba fueron el escenario perfecto para volver a vivir una jornada a puro vuelo en la Escuela de Aviaci\u00f3n Militar. Miles de personas disfrutaron de los espect\u00e1culos a\u00e9reos, shows de acrobacia y pasajes a\u00e9reos de los distintos sistemas [&hellip;]<\/p>\n","protected":false},"author":5,"featured_media":7785,"comment_status":"closed","ping_status":"closed","sticky":false,"template":"","format":"standard","meta":{"_joinchat":[],"footnotes":""},"categories":[2995],"tags":[2333,2332,95,874,1890,1259,2329,2434,2330],"class_list":["post-7751","post","type-post","status-publish","format-standard","has-post-thumbnail","hentry","category-noticias-2","tag-14faiworldcup","tag-14thfaiworldcup","tag-eam","tag-escuela-de-aviacion","tag-escuela-de-aviacion-militar","tag-fuerza-aerea-argentina","tag-jornada-de-puertas-abiertas","tag-jornada-puertas-abiertas","tag-mundial-de-paracaidismo"],"_links":{"self":[{"href":"http:\/\/www.eam.iua.edu.ar\/eam\/wp-json\/wp\/v2\/posts\/7751","targetHints":{"allow":["GET"]}}],"collection":[{"href":"http:\/\/www.eam.iua.edu.ar\/eam\/wp-json\/wp\/v2\/posts"}],"about":[{"href":"http:\/\/www.eam.iua.edu.ar\/eam\/wp-json\/wp\/v2\/types\/post"}],"author":[{"embeddable":true,"href":"http:\/\/www.eam.iua.edu.ar\/eam\/wp-json\/wp\/v2\/users\/5"}],"replies":[{"embeddable":true,"href":"http:\/\/www.eam.iua.edu.ar\/eam\/wp-json\/wp\/v2\/comments?post=7751"}],"version-history":[{"count":13,"href":"http:\/\/www.eam.iua.edu.ar\/eam\/wp-json\/wp\/v2\/posts\/7751\/revisions"}],"predecessor-version":[{"id":7790,"href":"http:\/\/www.eam.iua.edu.ar\/eam\/wp-json\/wp\/v2\/posts\/7751\/revisions\/7790"}],"wp:featuredmedia":[{"embeddable":true,"href":"http:\/\/www.eam.iua.edu.ar\/eam\/wp-json\/wp\/v2\/media\/7785"}],"wp:attachment":[{"href":"http:\/\/www.eam.iua.edu.ar\/eam\/wp-json\/wp\/v2\/media?parent=7751"}],"wp:term":[{"taxonomy":"category","embeddable":true,"href":"http:\/\/www.eam.iua.edu.ar\/eam\/wp-json\/wp\/v2\/categories?post=7751"},{"taxonomy":"post_tag","embeddable":true,"href":"http:\/\/www.eam.iua.edu.ar\/eam\/wp-json\/wp\/v2\/tags?post=7751"}],"curies":[{"name":"wp","href":"https:\/\/api.w.org\/{rel}","templated":true}]}}