{"id":7793,"date":"2019-06-06T12:24:29","date_gmt":"2019-06-06T15:24:29","guid":{"rendered":"http:\/\/www.eam.iua.edu.ar\/eam\/?p=7793"},"modified":"2020-05-13T19:20:26","modified_gmt":"2020-05-13T22:20:26","slug":"dios-los-bendiga-y-viva-la-patria","status":"publish","type":"post","link":"http:\/\/www.eam.iua.edu.ar\/eam\/dios-los-bendiga-y-viva-la-patria\/","title":{"rendered":"DIOS LOS BENDIGA Y\u2026  \u00a1VIVA LA PATRIA!"},"content":{"rendered":"<p>[vc_row][vc_column][vc_column_text]<\/p>\n<p style=\"text-align: justify\">Esas fueron las palabras que utilizo el soldado Veterano de la Guerra de Malvinas Clase 1963 Claudio Alejandro \u00c1vila en su carta de agradecimiento al Director de la Escuela de Aviaci\u00f3n Militar y al personal que lo acompa\u00f1o en su recorrida por las instalaciones del Instituto.<\/p>\n<p style=\"text-align: justify\">Sin dudas el martes 07 de Mayo de 2019 no\u00a0 ser\u00eda un d\u00eda m\u00e1s en la\u00a0 de vida de \u00c1vila, su esposa\u00a0 Gladis y su padrino Luis. Aquella ma\u00f1ana lluviosa y gris lleg\u00f3 acompa\u00f1ada de muchos recuerdos, una mezcla de emociones, sentimientos y el regreso despu\u00e9s de tantos a\u00f1os a aqu\u00e9l lugar donde aprendi\u00f3 tantos valores que marcaron su vida para siempre.<\/p>\n<p>[\/vc_column_text][\/vc_column][\/vc_row][vc_row][vc_column][vc_empty_space][\/vc_column][\/vc_row][vc_row][vc_column]<figure class=\"sc_image  sc_image_shape_square\"><img decoding=\"async\" src=\"http:\/\/www.eam.iua.edu.ar\/eam\/wp-content\/uploads\/2019\/06\/soldado-avila-1.jpg\" alt=\"\" \/><\/figure>[\/vc_column][\/vc_row][vc_row][vc_column][vc_empty_space][\/vc_column][\/vc_row][vc_row][vc_column][vc_column_text]<\/p>\n<p style=\"text-align: justify\">Claudio es docente jubilado y recibe cada a\u00f1o invitaciones de escuelas de Santiago del Estero para compartir con los alumnos su experiencia en el conflicto del Atl\u00e1ntico Sur, es por ello que se contact\u00f3 con la Escuela de Aviaci\u00f3n Militar para solicitar elementos que hab\u00eda utilizado como soldado durante la Guerra de Malvinas. Se le concedi\u00f3 una audiencia con el Director del Instituto y as\u00ed comenz\u00f3\u00a0 su inolvidable experiencia. Inici\u00f3 su visita en el despacho del Brigadier D. Walter Humberto BRUN, quien le brind\u00f3 una c\u00e1lida bienvenida, continu\u00f3 por la sala de Malvinas perteneciente al Cuerpo de Cadetes, donde comparti\u00f3 alguna de sus vivencias con el personal all\u00ed presente y finaliz\u00f3 en su tan querido y recordado Escuadr\u00f3n Tropas del Grupo Base Escuela, all\u00ed \u00a0se le entregaron elementos como casco, pala lineman, porta cargador, entre otros.<\/p>\n<p>[\/vc_column_text][\/vc_column][\/vc_row][vc_row][vc_column][vc_empty_space][\/vc_column][\/vc_row][vc_row][vc_column]<blockquote class=\"sc_quote\"><p>Estos gestos enaltecen mis sentimientos de haber pertenecido a la Fuerza A\u00e9rea Argentina y desatan en mi coraz\u00f3n un fuerte grito de \u00a1Viva la Patria!<\/p><\/blockquote>[\/vc_column][\/vc_row][vc_row][vc_column][vc_empty_space][\/vc_column][\/vc_row][vc_row][vc_column][vc_column_text]<\/p>\n<p style=\"text-align: justify\">Por momentos, desbordado de emoci\u00f3n sujetaba esos objetos con nostalgia, recordando que aquel casco no s\u00f3lo le sirvi\u00f3 como elemento de protecci\u00f3n sino que tambi\u00e9n le\u00a0 permiti\u00f3 poder alimentarse al\u00a0 utilizarlo \u00a0como\u00a0 plato tomando sopa en \u00e9l y que con una pala id\u00e9ntica a la que estaba recibiendo construy\u00f3\u00a0 su trinchera. Mencion\u00f3 que su mayor anhelo es poder regresar a las Islas y encontrar su trinchera donde dej\u00f3 enterrado su jarro antes de ser tomado prisionero, con la esperanza de poder regresar alg\u00fan d\u00eda y recuperarlo.<\/p>\n<p style=\"text-align: justify\">Pasado el mediod\u00eda, con los ojos llenos de l\u00e1grimas y s\u00f3lo palabras de agradecimiento, Claudio y su familia \u00a0emprendieron el viaje de regreso a su Santiago natal.<\/p>\n<p>[\/vc_column_text][\/vc_column][\/vc_row][vc_row][vc_column][vc_empty_space][\/vc_column][\/vc_row][vc_row][vc_column][vc_gallery type=\u00bbimage_grid\u00bb images=\u00bb7796,7795&#8243;][\/vc_column][\/vc_row]<\/p>\n","protected":false},"excerpt":{"rendered":"<p>[vc_row][vc_column][vc_column_text] Esas fueron las palabras que utilizo el soldado Veterano de la Guerra de Malvinas Clase 1963 Claudio Alejandro \u00c1vila en su carta de agradecimiento al Director de la Escuela de Aviaci\u00f3n Militar y al personal que lo acompa\u00f1o en su recorrida por las instalaciones del Instituto. Sin dudas el martes 07 de Mayo de [&hellip;]<\/p>\n","protected":false},"author":5,"featured_media":7800,"comment_status":"closed","ping_status":"closed","sticky":false,"template":"","format":"standard","meta":{"_joinchat":[],"footnotes":""},"categories":[2995],"tags":[2443,874,1890,68,2442,102],"class_list":["post-7793","post","type-post","status-publish","format-standard","has-post-thumbnail","hentry","category-noticias-2","tag-claudio-avila","tag-escuela-de-aviacion","tag-escuela-de-aviacion-militar","tag-malvinas","tag-soldado-avila","tag-visitas"],"_links":{"self":[{"href":"http:\/\/www.eam.iua.edu.ar\/eam\/wp-json\/wp\/v2\/posts\/7793","targetHints":{"allow":["GET"]}}],"collection":[{"href":"http:\/\/www.eam.iua.edu.ar\/eam\/wp-json\/wp\/v2\/posts"}],"about":[{"href":"http:\/\/www.eam.iua.edu.ar\/eam\/wp-json\/wp\/v2\/types\/post"}],"author":[{"embeddable":true,"href":"http:\/\/www.eam.iua.edu.ar\/eam\/wp-json\/wp\/v2\/users\/5"}],"replies":[{"embeddable":true,"href":"http:\/\/www.eam.iua.edu.ar\/eam\/wp-json\/wp\/v2\/comments?post=7793"}],"version-history":[{"count":3,"href":"http:\/\/www.eam.iua.edu.ar\/eam\/wp-json\/wp\/v2\/posts\/7793\/revisions"}],"predecessor-version":[{"id":7799,"href":"http:\/\/www.eam.iua.edu.ar\/eam\/wp-json\/wp\/v2\/posts\/7793\/revisions\/7799"}],"wp:featuredmedia":[{"embeddable":true,"href":"http:\/\/www.eam.iua.edu.ar\/eam\/wp-json\/wp\/v2\/media\/7800"}],"wp:attachment":[{"href":"http:\/\/www.eam.iua.edu.ar\/eam\/wp-json\/wp\/v2\/media?parent=7793"}],"wp:term":[{"taxonomy":"category","embeddable":true,"href":"http:\/\/www.eam.iua.edu.ar\/eam\/wp-json\/wp\/v2\/categories?post=7793"},{"taxonomy":"post_tag","embeddable":true,"href":"http:\/\/www.eam.iua.edu.ar\/eam\/wp-json\/wp\/v2\/tags?post=7793"}],"curies":[{"name":"wp","href":"https:\/\/api.w.org\/{rel}","templated":true}]}}