{"id":7880,"date":"2019-07-02T13:16:27","date_gmt":"2019-07-02T16:16:27","guid":{"rendered":"http:\/\/www.eam.iua.edu.ar\/eam\/?p=7880"},"modified":"2020-05-13T19:20:16","modified_gmt":"2020-05-13T22:20:16","slug":"acampada-anual-de-cadetes-de-i-ano","status":"publish","type":"post","link":"http:\/\/www.eam.iua.edu.ar\/eam\/acampada-anual-de-cadetes-de-i-ano\/","title":{"rendered":"Acampada Anual de Cadetes de I A\u00f1o"},"content":{"rendered":"<p>[vc_row][vc_column]<figure class=\"sc_image  sc_image_shape_square\" style=\"margin-right:3em !important;\"><img decoding=\"async\" src=\"http:\/\/www.eam.iua.edu.ar\/eam\/wp-content\/uploads\/2019\/07\/acampada1.jpg\" alt=\"\" \/><\/figure>[vc_empty_space][vc_column_text el_class=\u00bbpublicaciones\u00bb]A 60 km. de la ciudad de C\u00f3rdoba se encuentra la <strong><a href=\"http:\/\/coloniapadreluis.com.ar\/assets\/folleto-colonia.pdf?i=1\" target=\"_blank\" rel=\"noopener noreferrer\">Casa de Retiro \u201cColonia Padre Luis\u201d<\/a><\/strong>, en la <strong><a href=\"https:\/\/turismoencordoba.net\/localidad-la-granja\/\" target=\"_blank\" rel=\"noopener noreferrer\">localidad de La Granja<\/a><\/strong>. El lugar ideal para conocer y apreciar la vida en otro contexto, avanzando en h\u00e1bitos y actitudes de servicio, respeto, solidaridad y responsabilidad.<\/p>\n<p>En este entorno natural de las Sierras Chicas los <strong><a href=\"http:\/\/www.eam.iua.edu.ar\/eam\/informacion-general\/\" target=\"_blank\" rel=\"noopener noreferrer\">Cadetes<\/a> <\/strong>de I A\u00f1o de la <a href=\"http:\/\/www.eam.iua.edu.ar\" target=\"_blank\" rel=\"noopener noreferrer\"><strong>Escuela de Aviaci\u00f3n Militar<\/strong> (<strong>E.A.M.<\/strong>)<\/a> realizaron la <strong><a href=\"http:\/\/www.eam.iua.edu.ar\/eam\/acampada-de-cadetes-de-ii-ano-2\/\" target=\"_blank\" rel=\"noopener noreferrer\">Acampada Anual<\/a><\/strong>, organizada por el Capell\u00e1n Castrense de la E.A.M., Presb\u00edtero Ariel PARISSE. El mismo program\u00f3 las actividades sobre el eje de la Vocaci\u00f3n, tema elemental para los Cadetes que est\u00e1n iniciando este camino como futuros Oficiales de la <a href=\"https:\/\/www.argentina.gob.ar\/fuerzaaerea\" target=\"_blank\" rel=\"noopener noreferrer\"><strong>Fuerza A\u00e9rea Argentina<\/strong><\/a> (<strong>F.A.A.<\/strong>) y que ayud\u00f3 a incrementar su formaci\u00f3n espiritual y moral.[\/vc_column_text][\/vc_column][\/vc_row][vc_row][vc_column][vc_empty_space]<blockquote class=\"sc_quote\"><p><em>La vocaci\u00f3n es un llamado que la persona descubre y lo mueve<\/em><br \/>\n<em>a buscar la plena realizaci\u00f3n, logrando ser feliz en lo que hace.<\/em><\/p><p class=\"sc_quote_title\">Padre Ariel PARISSE<\/p><\/blockquote>[vc_column_text el_class=\u00bbpublicaciones\u00bb]El equipo psicopedag\u00f3gico de la <strong>E.A<\/strong><strong>.M.<\/strong> organiz\u00f3 tareas que permitieron que, a trav\u00e9s de la convivencia, los <strong><a href=\"http:\/\/www.eam.iua.edu.ar\/eam\/formacion-de-cadete\/#vidacadete\" target=\"_blank\" rel=\"noopener noreferrer\">Cadetes<\/a> <\/strong>profundizaran en el autoconocimiento y el conocimiento del grupo. \u201cFue volver a mirar y reafirmar, en torno a los aspectos vocacionales que los llevaron a tomar la decisi\u00f3n de ingresar a la <strong>F.A.A.<\/strong>\u201d, se\u00f1al\u00f3 la Licenciada en Psicolog\u00eda Victoria LIENDO.<\/p>\n<p>Entre las tares se desplegaron din\u00e1micas grupales que tienden a la movilizaci\u00f3n interna y a trav\u00e9s de las cuales ellos pueden compartir las mismas sensaciones de miedo, obst\u00e1culos y objetivos. \u201cEs muy importante que los <strong><a href=\"http:\/\/www.eam.iua.edu.ar\/eam\/formacion-de-cadete\/#instruccion\" target=\"_blank\" rel=\"noopener noreferrer\">Cadetes<\/a> <\/strong>se puedan sentir apoyados unos a otros y que sepan identificar qu\u00e9 tienen que cambiar y\/o mejorar para lograr su meta\u201d, finaliz\u00f3.[\/vc_column_text][vc_empty_space][vc_text_separator title=\u00bbGaler\u00eda de Im\u00e1genes\u00bb i_icon_fontawesome=\u00bbfa fa-camera\u00bb color=\u00bborange\u00bb add_icon=\u00bbtrue\u00bb][\/vc_column][\/vc_row][vc_row][vc_column][vc_gallery type=\u00bbimage_grid\u00bb images=\u00bb7891,7894,7893,7895,7896&#8243; el_class=\u00bbpublicaciones\u00bb][\/vc_column][\/vc_row][vc_row][vc_column][\/vc_column][\/vc_row]<\/p>\n","protected":false},"excerpt":{"rendered":"<p>A 60 km. de la ciudad de C\u00f3rdoba se encuentra la Casa de Retiro \u201cColonia Padre Luis\u201d, en la localidad de La Granja. El lugar ideal para conocer y apreciar la vida en otro contexto, avanzando en h\u00e1bitos y actitudes de servicio, respeto, solidaridad y responsabilidad.<\/p>\n","protected":false},"author":7,"featured_media":7901,"comment_status":"closed","ping_status":"closed","sticky":false,"template":"","format":"standard","meta":{"_joinchat":[],"footnotes":""},"categories":[2995],"tags":[1043,221,121,95,874,1890,660,2493,1259,2491,2492],"class_list":["post-7880","post","type-post","status-publish","format-standard","has-post-thumbnail","hentry","category-noticias-2","tag-acampada","tag-cadetes","tag-cuerpo-cadetes","tag-eam","tag-escuela-de-aviacion","tag-escuela-de-aviacion-militar","tag-faa","tag-formacion","tag-fuerza-aerea-argentina","tag-incorporarse","tag-vocacion"],"_links":{"self":[{"href":"http:\/\/www.eam.iua.edu.ar\/eam\/wp-json\/wp\/v2\/posts\/7880","targetHints":{"allow":["GET"]}}],"collection":[{"href":"http:\/\/www.eam.iua.edu.ar\/eam\/wp-json\/wp\/v2\/posts"}],"about":[{"href":"http:\/\/www.eam.iua.edu.ar\/eam\/wp-json\/wp\/v2\/types\/post"}],"author":[{"embeddable":true,"href":"http:\/\/www.eam.iua.edu.ar\/eam\/wp-json\/wp\/v2\/users\/7"}],"replies":[{"embeddable":true,"href":"http:\/\/www.eam.iua.edu.ar\/eam\/wp-json\/wp\/v2\/comments?post=7880"}],"version-history":[{"count":16,"href":"http:\/\/www.eam.iua.edu.ar\/eam\/wp-json\/wp\/v2\/posts\/7880\/revisions"}],"predecessor-version":[{"id":9410,"href":"http:\/\/www.eam.iua.edu.ar\/eam\/wp-json\/wp\/v2\/posts\/7880\/revisions\/9410"}],"wp:featuredmedia":[{"embeddable":true,"href":"http:\/\/www.eam.iua.edu.ar\/eam\/wp-json\/wp\/v2\/media\/7901"}],"wp:attachment":[{"href":"http:\/\/www.eam.iua.edu.ar\/eam\/wp-json\/wp\/v2\/media?parent=7880"}],"wp:term":[{"taxonomy":"category","embeddable":true,"href":"http:\/\/www.eam.iua.edu.ar\/eam\/wp-json\/wp\/v2\/categories?post=7880"},{"taxonomy":"post_tag","embeddable":true,"href":"http:\/\/www.eam.iua.edu.ar\/eam\/wp-json\/wp\/v2\/tags?post=7880"}],"curies":[{"name":"wp","href":"https:\/\/api.w.org\/{rel}","templated":true}]}}