{"id":8192,"date":"2019-08-13T09:08:36","date_gmt":"2019-08-13T12:08:36","guid":{"rendered":"http:\/\/www.eam.iua.edu.ar\/eam\/?p=8192"},"modified":"2020-05-13T19:19:53","modified_gmt":"2020-05-13T22:19:53","slug":"la-patria-te-necesita-formate-como-oficial-de-la-fuerza-aerea-argentina","status":"publish","type":"post","link":"http:\/\/www.eam.iua.edu.ar\/eam\/la-patria-te-necesita-formate-como-oficial-de-la-fuerza-aerea-argentina\/","title":{"rendered":"La Patria te necesita, formate como Oficial de la Fuerza A\u00e9rea Argentina"},"content":{"rendered":"<p>[vc_row][vc_column]<figure class=\"sc_image  sc_image_shape_square\" style=\"margin-right:3em !important;\"><img decoding=\"async\" src=\"http:\/\/www.eam.iua.edu.ar\/eam\/wp-content\/uploads\/2019\/08\/encabezado-06.jpg\" alt=\"\" \/><\/figure>[vc_empty_space][vc_column_text el_class=\u00bbpublicaciones\u00bb]La <strong><a href=\"http:\/\/www.eam.iua.edu.ar\">Escuela de Aviaci\u00f3n Militar<\/a><\/strong> comenz\u00f3 la Inscripci\u00f3n para el #IngresoEAM2020 a la <strong><a href=\"http:\/\/www.eam.iua.edu.ar\/eam\/informacion-general\/\">Carrera de Oficial de Fuerza A\u00e9rea Argentina<\/a><\/strong>. La misma estar\u00e1 abierta hasta el 13 de noviembre inclusive.<\/p>\n<p>La carrera consta de un Plan de Ense\u00f1anza de 4 a\u00f1os, durante los cuales se recibe una educaci\u00f3n profesional con r\u00e9gimen militar. Finalizado dicho ciclo, los <strong><a href=\"http:\/\/www.eam.iua.edu.ar\/eam\/formacion-de-cadete\/#instruccion\">Cadetes<\/a><\/strong> egresan como <strong><a href=\"https:\/\/www.argentina.gob.ar\/fuerzaaerea\">Oficiales de la Fuerza A\u00e9rea Argentina<\/a><\/strong>, con el grado de Alf\u00e9rez, obteniendo adem\u00e1s la \u201c<strong><a href=\"http:\/\/www.eam.iua.edu.ar\/eam\/informacion-general\/\" target=\"_blank\" rel=\"noopener noreferrer\">Licenciatura en Conducci\u00f3n de Recursos Aeroespaciales para la Defensa<\/a><\/strong>\u201d (<strong>LICRAD<\/strong>).<\/p>\n<p>El Plan de carrera que brinda la <strong><a href=\"https:\/\/www.argentina.gob.ar\/fuerzaaerea\" target=\"_blank\" rel=\"noopener noreferrer\">Fuerza A\u00e9rea Argentina<\/a><\/strong> para sus Oficiales est\u00e1 constituido por tres escalafones que agrupan diversas <strong><a href=\"http:\/\/www.eam.iua.edu.ar\/eam\/proyeccion-profesional\/\">especialidades<\/a><\/strong>, a las que se accede despu\u00e9s de egresar como Alf\u00e9rez.<\/p>\n<p><strong>El proceso de incorporaci\u00f3n consta de <\/strong><a href=\"http:\/\/www.eam.iua.edu.ar\/eam\/pasos-para-incorporarse\/\" target=\"_blank\" rel=\"noopener noreferrer\"><strong>cinco etapas<\/strong><\/a><strong>: \u00a0<\/strong>[\/vc_column_text][vc_empty_space][\/vc_column][\/vc_row][vc_row][vc_column]<figure class=\"sc_image  sc_image_shape_square\" style=\"margin-right:3em !important;\"><img decoding=\"async\" src=\"http:\/\/www.eam.iua.edu.ar\/eam\/wp-content\/uploads\/2019\/08\/pasos-2.jpg\" alt=\"\" \/><\/figure>[vc_empty_space][vc_column_text el_class=\u00bbpublicaciones\u00bb]<strong>Destinatarios y condiciones de ingreso:<\/strong><\/p>\n<p><strong>*<\/strong> Tener entre 16 a\u00f1os como m\u00ednimo y 24 como m\u00e1ximo al 1 de marzo del a\u00f1o de ingreso.<\/p>\n<p><strong>*<\/strong> Ser argentino nativo o por opci\u00f3n.<\/p>\n<p><strong>*<\/strong> Tener aprobado el Ciclo de Ense\u00f1anza Media (se pueden inscribir cursando el \u00faltimo a\u00f1o).<\/p>\n<p><strong>*<\/strong> Ser soltero\/a.<\/p>\n<p><strong>*<\/strong>Aprobar los ex\u00e1menes acad\u00e9mico y definitivo (f\u00edsico, psicot\u00e9cnico y adaptaci\u00f3n a la vida militar estipulados en el <strong><a href=\"http:\/\/www.eam.iua.edu.ar\/eam\/formulario-de-descarga\/\" target=\"_blank\" rel=\"noopener noreferrer\">Cuadernillo de Ingreso<\/a><\/strong>.[\/vc_column_text][vc_column_text][\/vc_column_text][vc_empty_space][\/vc_column][\/vc_row][vc_row][vc_column][vc_column_text]Para tener m\u00e1s informaci\u00f3n acerca del ingreso a la <strong><a href=\"http:\/\/www.eam.iua.edu.ar\/eam\/informacion-general\/\">Carrera de Oficial de Fuerza A\u00e9rea Argentina<\/a><\/strong>, los Candidatos pueden <strong><a href=\"http:\/\/www.eam.iua.edu.ar\/eam\/ubicacion\/\" target=\"_blank\" rel=\"noopener noreferrer\">acercarse a la EAM<\/a><\/strong>, de lunes a viernes de 9 a 13 hs., llamar al (0351) 4333900 Interno 37358, o <strong><a href=\"http:\/\/www.eam.iua.edu.ar\/eam\/contacto\/\" target=\"_blank\" rel=\"noopener noreferrer\">contactarse con la EAM<\/a><\/strong>[\/vc_column_text][\/vc_column][\/vc_row][vc_row][vc_column][\/vc_column][\/vc_row]<\/p>\n","protected":false},"excerpt":{"rendered":"<p>La Escuela de Aviaci\u00f3n Militar comenz\u00f3 la Inscripci\u00f3n para el #IngresoEAM2020 destinada a candidatos a formarse en la Carrera de Oficial de Fuerza A\u00e9rea Argentina. La misma estar\u00e1 abierta hasta el 13 de noviembre inclusive.<\/p>\n","protected":false},"author":7,"featured_media":8241,"comment_status":"closed","ping_status":"closed","sticky":false,"template":"","format":"standard","meta":{"_joinchat":[],"footnotes":""},"categories":[2995],"tags":[2650,2647,2645,2644,2646,2649],"class_list":["post-8192","post","type-post","status-publish","format-standard","has-post-thumbnail","hentry","category-noticias-2","tag-formate-en-la-eam","tag-ingresoeam2020","tag-inscripciones-abiertas","tag-la-patria-te-necesita","tag-nos-mueve-la-misma-pasion","tag-tenemos-los-mismos-valores"],"_links":{"self":[{"href":"http:\/\/www.eam.iua.edu.ar\/eam\/wp-json\/wp\/v2\/posts\/8192","targetHints":{"allow":["GET"]}}],"collection":[{"href":"http:\/\/www.eam.iua.edu.ar\/eam\/wp-json\/wp\/v2\/posts"}],"about":[{"href":"http:\/\/www.eam.iua.edu.ar\/eam\/wp-json\/wp\/v2\/types\/post"}],"author":[{"embeddable":true,"href":"http:\/\/www.eam.iua.edu.ar\/eam\/wp-json\/wp\/v2\/users\/7"}],"replies":[{"embeddable":true,"href":"http:\/\/www.eam.iua.edu.ar\/eam\/wp-json\/wp\/v2\/comments?post=8192"}],"version-history":[{"count":5,"href":"http:\/\/www.eam.iua.edu.ar\/eam\/wp-json\/wp\/v2\/posts\/8192\/revisions"}],"predecessor-version":[{"id":9406,"href":"http:\/\/www.eam.iua.edu.ar\/eam\/wp-json\/wp\/v2\/posts\/8192\/revisions\/9406"}],"wp:featuredmedia":[{"embeddable":true,"href":"http:\/\/www.eam.iua.edu.ar\/eam\/wp-json\/wp\/v2\/media\/8241"}],"wp:attachment":[{"href":"http:\/\/www.eam.iua.edu.ar\/eam\/wp-json\/wp\/v2\/media?parent=8192"}],"wp:term":[{"taxonomy":"category","embeddable":true,"href":"http:\/\/www.eam.iua.edu.ar\/eam\/wp-json\/wp\/v2\/categories?post=8192"},{"taxonomy":"post_tag","embeddable":true,"href":"http:\/\/www.eam.iua.edu.ar\/eam\/wp-json\/wp\/v2\/tags?post=8192"}],"curies":[{"name":"wp","href":"https:\/\/api.w.org\/{rel}","templated":true}]}}