{"id":8383,"date":"2019-09-03T09:07:57","date_gmt":"2019-09-03T12:07:57","guid":{"rendered":"http:\/\/www.eam.iua.edu.ar\/eam\/?p=8383"},"modified":"2020-05-13T19:19:46","modified_gmt":"2020-05-13T22:19:46","slug":"ejercicio-garra-2019","status":"publish","type":"post","link":"http:\/\/www.eam.iua.edu.ar\/eam\/ejercicio-garra-2019\/","title":{"rendered":"Ejercicio GARRA 2019"},"content":{"rendered":"<p>[vc_row][vc_column]<figure class=\"sc_image  sc_image_shape_square\"><img decoding=\"async\" src=\"http:\/\/www.eam.iua.edu.ar\/eam\/wp-content\/uploads\/2019\/09\/ejercicioGARRA2019.jpg\" alt=\"\" \/><\/figure>[vc_empty_space height=\u00bb2em\u00bb][vc_column_text]<\/p>\n<h3>Inscripci\u00f3n<\/h3>\n<p>La Escuela de Aviaci\u00f3n Militar, unidad academica de la <a href=\"https:\/\/www.undef.edu.ar\/\" target=\"_blank\" rel=\"noopener noreferrer\">Universidad de la Defensa Nacional<\/a> informa que se encuentra abierta la Inscripci\u00f3n al Ejercicio Garra XVII. La Edici\u00f3n 2019, se llevar\u00e1 a cabo el d\u00eda 19 de septiembre del corriente a\u00f1o, a las 08:00 hs en el Cuerpo de Cadetes de la Escuela de Aviaci\u00f3n Militar.[\/vc_column_text][vc_empty_space height=\u00bb2em\u00bb][vc_column_text]<\/p>\n<h3>Participan<\/h3>\n<ul>\n<li><a href=\"https:\/\/www.iua.edu.ar\/\">Instituto Universitario Aeron\u00e1utico<\/a><\/li>\n<li><a href=\"https:\/\/www.unc.edu.ar\/\">Universidad Nacional de C\u00f3rdoba<\/a><\/li>\n<li><a href=\"https:\/\/www.cup.edu.ar\/\">Colegio Universitario de Periodismo<\/a><\/li>\n<li><a href=\"http:\/\/cruzroja.org.ar\/\" target=\"_blank\" rel=\"noopener noreferrer\">Cruz Roja Argentina. Filial C\u00f3rdoba<\/a><\/li>\n<li><a href=\"https:\/\/www.uccor.edu.ar\/home\/\" target=\"_blank\" rel=\"noopener noreferrer\">Universidad Cat\u00f3lica de C\u00f3rdoba<\/a><\/li>\n<li><a href=\"https:\/\/www.colegiomilitar.mil.ar\/esp\/\" target=\"_blank\" rel=\"noopener noreferrer\">Colegio Militar de la Naci\u00f3n<\/a><\/li>\n<li><a href=\"https:\/\/21.edu.ar\/\" target=\"_blank\" rel=\"noopener noreferrer\">Universidad Empresarial Siglo XXI<\/a><\/li>\n<li><a href=\"https:\/\/prensagendarmeria.gob.ar\/\" target=\"_blank\" rel=\"noopener noreferrer\">Gendarmer\u00eda Nacional<\/a><\/li>\n<\/ul>\n<p>[\/vc_column_text][mvc_infobox info_style=\u00bbmega_info_box_2&#8243; info_opt=\u00bbshow_icon\u00bb icon_size=\u00bb2em\u00bb icon_height=\u00bb50px\u00bb line_height=\u00bb2&#8243; font_icon=\u00bbfa fa-info-circle\u00bb icon_color=\u00bb#000033&#8243; info_title=\u00bbimportante\u00bb info_desc=\u00bbSeguridad: El d\u00eda del ejercicio deber\u00e1 concurrir con DNI, en caso contrario NO PODR\u00c1 ingresar al establecimiento.<br \/>\nAlmuerzo: estar\u00e1 a cargo del participante, Podr\u00e1 traer su almuerzo fr\u00edo y\/o mate\/infusi\u00f3n. Habr\u00e1 disponible una cantina.\u00bb desc_size=\u00bb20px\u00bb][vc_text_separator title=\u00bb\u00bb border_width=\u00bb2&#8243;][vc_empty_space height=\u00bb2em\u00bb][vc_btn title=\u00bbinscripciones cerradas\u00bb style=\u00bboutline-custom\u00bb outline_custom_color=\u00bb#000033&#8243; outline_custom_hover_background=\u00bb#000033&#8243; outline_custom_hover_text=\u00bb#ffffff\u00bb shape=\u00bbsquare\u00bb size=\u00bblg\u00bb align=\u00bbcenter\u00bb i_icon_fontawesome=\u00bbfa fa-pencil-square-o\u00bb add_icon=\u00bbtrue\u00bb button_block=\u00bbtrue\u00bb link=\u00bburl:%23|||\u00bb][vc_empty_space height=\u00bb4em\u00bb][\/vc_column][\/vc_row]<\/p>\n","protected":false},"excerpt":{"rendered":"<p>[vc_row][vc_column][vc_empty_space height=\u00bb2em\u00bb][vc_column_text] Inscripci\u00f3n La Escuela de Aviaci\u00f3n Militar, unidad academica de la Universidad de la Defensa Nacional informa que se encuentra abierta la Inscripci\u00f3n al Ejercicio Garra XVII. La Edici\u00f3n 2019, se llevar\u00e1 a cabo el d\u00eda 19 de septiembre del corriente a\u00f1o, a las 08:00 hs en el Cuerpo de Cadetes de la Escuela [&hellip;]<\/p>\n","protected":false},"author":1,"featured_media":8387,"comment_status":"closed","ping_status":"closed","sticky":false,"template":"","format":"standard","meta":{"_joinchat":[],"footnotes":""},"categories":[2995,1629],"tags":[95,101,2285,1437,2666],"class_list":["post-8383","post","type-post","status-publish","format-standard","has-post-thumbnail","hentry","category-noticias-2","category-secretaria-extension","tag-eam","tag-ejercicio-garra","tag-garra2019","tag-undef","tag-universidad-de-la-defensa-nacional"],"_links":{"self":[{"href":"http:\/\/www.eam.iua.edu.ar\/eam\/wp-json\/wp\/v2\/posts\/8383","targetHints":{"allow":["GET"]}}],"collection":[{"href":"http:\/\/www.eam.iua.edu.ar\/eam\/wp-json\/wp\/v2\/posts"}],"about":[{"href":"http:\/\/www.eam.iua.edu.ar\/eam\/wp-json\/wp\/v2\/types\/post"}],"author":[{"embeddable":true,"href":"http:\/\/www.eam.iua.edu.ar\/eam\/wp-json\/wp\/v2\/users\/1"}],"replies":[{"embeddable":true,"href":"http:\/\/www.eam.iua.edu.ar\/eam\/wp-json\/wp\/v2\/comments?post=8383"}],"version-history":[{"count":9,"href":"http:\/\/www.eam.iua.edu.ar\/eam\/wp-json\/wp\/v2\/posts\/8383\/revisions"}],"predecessor-version":[{"id":9403,"href":"http:\/\/www.eam.iua.edu.ar\/eam\/wp-json\/wp\/v2\/posts\/8383\/revisions\/9403"}],"wp:featuredmedia":[{"embeddable":true,"href":"http:\/\/www.eam.iua.edu.ar\/eam\/wp-json\/wp\/v2\/media\/8387"}],"wp:attachment":[{"href":"http:\/\/www.eam.iua.edu.ar\/eam\/wp-json\/wp\/v2\/media?parent=8383"}],"wp:term":[{"taxonomy":"category","embeddable":true,"href":"http:\/\/www.eam.iua.edu.ar\/eam\/wp-json\/wp\/v2\/categories?post=8383"},{"taxonomy":"post_tag","embeddable":true,"href":"http:\/\/www.eam.iua.edu.ar\/eam\/wp-json\/wp\/v2\/tags?post=8383"}],"curies":[{"name":"wp","href":"https:\/\/api.w.org\/{rel}","templated":true}]}}