{"id":8463,"date":"2019-09-19T00:25:41","date_gmt":"2019-09-19T03:25:41","guid":{"rendered":"http:\/\/www.eam.iua.edu.ar\/eam\/?p=8463"},"modified":"2020-05-13T19:19:27","modified_gmt":"2020-05-13T22:19:27","slug":"acampada-de-cadetes-de-iv-ano","status":"publish","type":"post","link":"http:\/\/www.eam.iua.edu.ar\/eam\/acampada-de-cadetes-de-iv-ano\/","title":{"rendered":"Acampada de Cadetes de IV A\u00f1o"},"content":{"rendered":"<p>[vc_row][vc_column][vc_column_text el_class=\u00bbpublicaciones\u00bb]Desde el 29 y hasta el 30 de agosto los <strong><a href=\"http:\/\/www.eam.iua.edu.ar\/eam\/informacion-general\/\" target=\"_blank\" rel=\"noopener noreferrer\">Cadetes<\/a><\/strong> de la <a href=\"http:\/\/www.eam.iua.edu.ar\" target=\"_blank\" rel=\"noopener noreferrer\"><strong>Escuela de Aviaci\u00f3n Militar<\/strong><\/a> asistieron a la Acampada Anual. La misma los reuni\u00f3 en la Casa de Retiro \u201cConvento del Divino Amor\u201d, en la provincia de C\u00f3rdoba.<\/p>\n<p>En esta actividad complementaria a la Instrucci\u00f3n Militar, los <strong><a href=\"http:\/\/www.eam.iua.edu.ar\/eam\/formacion-de-cadete\/#vidacadete\" target=\"_blank\" rel=\"noopener noreferrer\">Cadetes<\/a><\/strong> tuvieron la oportunidad de reflexionar sobre los pilares que estimulan a cada uno de ellos en el cumplimiento de la misi\u00f3n, tanto como hombres de bien y como militares miembros de la <a href=\"https:\/\/www.argentina.gob.ar\/fuerzaaerea\" target=\"_blank\" rel=\"noopener noreferrer\"><strong>Fuerza A\u00e9rea<\/strong><\/a>. Estos pilares pueden resumirse en el esp\u00edritu de cuerpo, la familia, la fe, las virtudes cardinales y el respeto al pr\u00f3jimo, los cuales ser\u00e1n de important\u00edsima relevancia en su tarea como Oficiales del Instrumento Militar Argentino.<\/p>\n<p>Por \u00faltimo, se debe mencionar que la mencionada acampada estuvo bajo comando y control del Primer Teniente Nicol\u00e1s LUDUE\u00d1A como Jefe de Comisi\u00f3n y del Primer Teniente Ulises MORENO. Oficiales Instructores que tambi\u00e9n se desempe\u00f1aron como disertantes en las conferencias brindadas.[\/vc_column_text][\/vc_column][\/vc_row][vc_row][vc_column][vc_empty_space][vc_text_separator title=\u00bbGaler\u00eda de im\u00e1genes\u00bb i_icon_fontawesome=\u00bbfa fa-camera\u00bb color=\u00bborange\u00bb add_icon=\u00bbtrue\u00bb el_class=\u00bbpublicaciones\u00bb][vc_empty_space][vc_gallery type=\u00bbimage_grid\u00bb images=\u00bb8466,8464,8465&#8243; el_class=\u00bbpublicaciones\u00bb][\/vc_column][\/vc_row][vc_row][vc_column][\/vc_column][\/vc_row]<\/p>\n","protected":false},"excerpt":{"rendered":"<p>Desde el 29 y hasta el 30 de agosto los Cadetes de la Escuela de Aviaci\u00f3n Militar asistieron a la Acampada Anual. La misma los reuni\u00f3 en la Casa de Retiro \u201cConvento del Divino Amor\u201d, en la provincia de C\u00f3rdoba.<\/p>\n","protected":false},"author":7,"featured_media":8467,"comment_status":"closed","ping_status":"closed","sticky":false,"template":"","format":"standard","meta":{"_joinchat":[],"footnotes":""},"categories":[2995],"tags":[1043,221,2429,121,95,1890,660,1259,110],"class_list":["post-8463","post","type-post","status-publish","format-standard","has-post-thumbnail","hentry","category-noticias-2","tag-acampada","tag-cadetes","tag-cordoba","tag-cuerpo-cadetes","tag-eam","tag-escuela-de-aviacion-militar","tag-faa","tag-fuerza-aerea-argentina","tag-instructor-militar"],"_links":{"self":[{"href":"http:\/\/www.eam.iua.edu.ar\/eam\/wp-json\/wp\/v2\/posts\/8463","targetHints":{"allow":["GET"]}}],"collection":[{"href":"http:\/\/www.eam.iua.edu.ar\/eam\/wp-json\/wp\/v2\/posts"}],"about":[{"href":"http:\/\/www.eam.iua.edu.ar\/eam\/wp-json\/wp\/v2\/types\/post"}],"author":[{"embeddable":true,"href":"http:\/\/www.eam.iua.edu.ar\/eam\/wp-json\/wp\/v2\/users\/7"}],"replies":[{"embeddable":true,"href":"http:\/\/www.eam.iua.edu.ar\/eam\/wp-json\/wp\/v2\/comments?post=8463"}],"version-history":[{"count":3,"href":"http:\/\/www.eam.iua.edu.ar\/eam\/wp-json\/wp\/v2\/posts\/8463\/revisions"}],"predecessor-version":[{"id":9397,"href":"http:\/\/www.eam.iua.edu.ar\/eam\/wp-json\/wp\/v2\/posts\/8463\/revisions\/9397"}],"wp:featuredmedia":[{"embeddable":true,"href":"http:\/\/www.eam.iua.edu.ar\/eam\/wp-json\/wp\/v2\/media\/8467"}],"wp:attachment":[{"href":"http:\/\/www.eam.iua.edu.ar\/eam\/wp-json\/wp\/v2\/media?parent=8463"}],"wp:term":[{"taxonomy":"category","embeddable":true,"href":"http:\/\/www.eam.iua.edu.ar\/eam\/wp-json\/wp\/v2\/categories?post=8463"},{"taxonomy":"post_tag","embeddable":true,"href":"http:\/\/www.eam.iua.edu.ar\/eam\/wp-json\/wp\/v2\/tags?post=8463"}],"curies":[{"name":"wp","href":"https:\/\/api.w.org\/{rel}","templated":true}]}}