{"id":8666,"date":"2019-10-16T20:38:34","date_gmt":"2019-10-16T23:38:34","guid":{"rendered":"http:\/\/www.eam.iua.edu.ar\/eam\/?p=8666"},"modified":"2020-05-13T19:19:14","modified_gmt":"2020-05-13T22:19:14","slug":"con-sabor-a-logro","status":"publish","type":"post","link":"http:\/\/www.eam.iua.edu.ar\/eam\/con-sabor-a-logro\/","title":{"rendered":"Con sabor a logro"},"content":{"rendered":"<p>[vc_row][vc_column][vc_column_text el_class=\u00bbpublicaciones\u00bb]El Grupo A\u00e9reo Escuela celebr\u00f3 con orgullo un nuevo \u201cPrimer Vuelo Solo del Curso B\u00e1sico Conjunto de Aviador Militar (CBCAM C-12\/11), Vuelo Solo del CBCAM C-12\/10 y la Primer Operaci\u00f3n Remota Solo del Curso de Operador de Sistemas de Armas No Tripulado (COSANT 4)\u201d.<\/p>\n<p>El pasado jueves 10 de octubre se llev\u00f3 a cabo la ceremonia con el legendario C\u00f3ndor como testigo, ubicado en la plataforma de vuelo de la Escuela de Aviaci\u00f3n Militar, presidida por el Jefe del Estado Mayor General de la <a href=\"https:\/\/www.argentina.gob.ar\/fuerzaaerea\" target=\"_blank\" rel=\"noopener noreferrer\">Fuerza A\u00e9rea Argentina<\/a>, Brigadier General \u201cVGM\u201d D. Enrique V\u00edctor AMREIN, quien estuvo acompa\u00f1ado por la Secretaria de Gesti\u00f3n Presupuestaria y Control del Ministerio de Defensa, Sra. Graciela VILLATA, el Subjefe del Estado Mayor Conjunto de las FF.AA. Brig. My. D. Roberto ANDREASEN, el Subjefe de la Fuerza A\u00e9rea, Brig. My. D. Gustavo TESTONI, El Director Gral. de Educaci\u00f3n, Brig. D Mario COLAIZZO, el Director del Instituto Brigadier D. Walter BRUN, Brigadieres en actividad y en situaci\u00f3n de retiro, Personal Militar Superior y Subalterno, Veteranos de la Guerra de Malvinas e invitados especiales.<\/p>\n<p>Luego de la tradicional \u201cmanteada\u201d, los alfereces que volaron solos dejaron registro en el libro de firmas y sus instructores, responsables de ense\u00f1arles el arte de volar, les colocaron los pa\u00f1uelos y escudos distintivos, adem\u00e1s del tradicional bautismo, colmado de emociones.<\/p>\n<p>El Capell\u00e1n Mayor de la Fuerza A\u00e9rea, Presb\u00edtero C\u00e9sar TAURO bendijo los escudos, pa\u00f1uelos y las medallas de Nuestra Se\u00f1ora de Loreto, entregadas por el Presidente de la Asociaci\u00f3n de Ex Directores de la Escuela de Aviaci\u00f3n Militar, Brigadier \u201cVGM\u201d (R) D. Jorge Francisco MART\u00cdNEZ.<\/p>\n<p>El Jefe del Grupo A\u00e9reo, Comodoro D. Carlos Gabriel CEND\u00d3N fue el encargado del discurso, felicitando a los j\u00f3venes Oficiales por\u2026<em>\u201dhaber superado las exigencias necesarias para volar solos por primera vez dependiendo s\u00f3lo de su propia destreza y dominio. Fruto esto del esfuerzo y la dedicaci\u00f3n, de la tenacidad y ansias de progreso\u2026\u201d<\/em><\/p>\n<p><em>\u2026\u201del Grupo A\u00e9reo Escuela tiene la gran responsabilidad de formar a los futuros aviadores militares tratando de lograr de ellos la excelencia profesional\u2026\u201d<\/em>[\/vc_column_text][\/vc_column][\/vc_row][vc_row][vc_column][vc_text_separator title=\u00bbGaler\u00eda de im\u00e1genes\u00bb i_icon_fontawesome=\u00bbfa fa-camera\u00bb i_color=\u00bbcustom\u00bb color=\u00bborange\u00bb border_width=\u00bb2&#8243; add_icon=\u00bbtrue\u00bb i_custom_color=\u00bb#0a294c\u00bb][\/vc_column][\/vc_row][vc_row][vc_column][vc_gallery type=\u00bbimage_grid\u00bb images=\u00bb8671,8670,8669,8673,8674,8675,8672,8676&#8243;][\/vc_column][\/vc_row]<\/p>\n","protected":false},"excerpt":{"rendered":"<p>El Grupo A\u00e9reo Escuela celebr\u00f3 con orgullo un nuevo \u201cPrimer Vuelo Solo del Curso B\u00e1sico Conjunto de Aviador Militar (CBCAM C-12\/11), Vuelo Solo del CBCAM C-12\/10 y la Primer Operaci\u00f3n Remota Solo del Curso de Operador de Sistemas de Armas No Tripulado (COSANT 4)\u201d.<\/p>\n","protected":false},"author":6,"featured_media":8675,"comment_status":"closed","ping_status":"closed","sticky":false,"template":"","format":"standard","meta":{"_joinchat":[],"footnotes":""},"categories":[2995],"tags":[1206,122,95,1890,1259,1420,1422],"class_list":["post-8666","post","type-post","status-publish","format-standard","has-post-thumbnail","hentry","category-noticias-2","tag-cbcam","tag-ceremonias","tag-eam","tag-escuela-de-aviacion-militar","tag-fuerza-aerea-argentina","tag-grupo-aereo-escuela","tag-primer-vuelo-solo"],"_links":{"self":[{"href":"http:\/\/www.eam.iua.edu.ar\/eam\/wp-json\/wp\/v2\/posts\/8666","targetHints":{"allow":["GET"]}}],"collection":[{"href":"http:\/\/www.eam.iua.edu.ar\/eam\/wp-json\/wp\/v2\/posts"}],"about":[{"href":"http:\/\/www.eam.iua.edu.ar\/eam\/wp-json\/wp\/v2\/types\/post"}],"author":[{"embeddable":true,"href":"http:\/\/www.eam.iua.edu.ar\/eam\/wp-json\/wp\/v2\/users\/6"}],"replies":[{"embeddable":true,"href":"http:\/\/www.eam.iua.edu.ar\/eam\/wp-json\/wp\/v2\/comments?post=8666"}],"version-history":[{"count":6,"href":"http:\/\/www.eam.iua.edu.ar\/eam\/wp-json\/wp\/v2\/posts\/8666\/revisions"}],"predecessor-version":[{"id":9392,"href":"http:\/\/www.eam.iua.edu.ar\/eam\/wp-json\/wp\/v2\/posts\/8666\/revisions\/9392"}],"wp:featuredmedia":[{"embeddable":true,"href":"http:\/\/www.eam.iua.edu.ar\/eam\/wp-json\/wp\/v2\/media\/8675"}],"wp:attachment":[{"href":"http:\/\/www.eam.iua.edu.ar\/eam\/wp-json\/wp\/v2\/media?parent=8666"}],"wp:term":[{"taxonomy":"category","embeddable":true,"href":"http:\/\/www.eam.iua.edu.ar\/eam\/wp-json\/wp\/v2\/categories?post=8666"},{"taxonomy":"post_tag","embeddable":true,"href":"http:\/\/www.eam.iua.edu.ar\/eam\/wp-json\/wp\/v2\/tags?post=8666"}],"curies":[{"name":"wp","href":"https:\/\/api.w.org\/{rel}","templated":true}]}}