{"id":8702,"date":"2019-10-25T14:18:27","date_gmt":"2019-10-25T17:18:27","guid":{"rendered":"http:\/\/www.eam.iua.edu.ar\/eam\/?p=8702"},"modified":"2020-05-13T19:19:10","modified_gmt":"2020-05-13T22:19:10","slug":"noche-de-los-museos-en-la-e-a-m","status":"publish","type":"post","link":"http:\/\/www.eam.iua.edu.ar\/eam\/noche-de-los-museos-en-la-e-a-m\/","title":{"rendered":"Noche de los Museos en la E.A.M."},"content":{"rendered":"<p>[vc_row][vc_column][vc_column_text el_class=\u00bbpublicaciones\u00bb]En el marco de la 10\u00aa edici\u00f3n de <a href=\"https:\/\/nochedelosmuseos.unc.edu.ar\/\" target=\"_blank\" rel=\"noopener noreferrer\">\u201cLa Noche de los Museos\u201d<\/a> en la ciudad de C\u00f3rdoba llevada a cabo el pasado viernes 18 de octubre, la Escuela de Aviaci\u00f3n Militar abri\u00f3 sus puertas al p\u00fablico en general desde las 20 hasta las 24hs.<\/p>\n<p>El evento fue organizado de manera conjunta entre la Universidad Nacional de C\u00f3rdoba, la Agencia C\u00f3rdoba Cultura del Gobierno de la Provincia y la Secretar\u00eda de Cultura de la Municipalidad de C\u00f3rdoba.<\/p>\n<p>Cientos de personas se hicieron presentes en el Instituto, donde fueron recibidas en la entrada al Cuerpo de Cadetes por la <a href=\"http:\/\/www.eam.iua.edu.ar\/eam\/banda-de-musica\/\" target=\"_blank\" rel=\"noopener noreferrer\">Banda Militar de M\u00fasica \u201cBautismo de Fuego\u201d<\/a> con diferentes melod\u00edas y un diverso repertorio musical.<\/p>\n<p>Los visitantes recorrieron el hall del edificio del Cuerpo de Cadetes donde algunos j\u00f3venes se pudieron informar acerca de la carrera de Oficial de la <a href=\"https:\/\/www.argentina.gob.ar\/fuerzaaerea\" target=\"_blank\" rel=\"noopener noreferrer\">Fuerza A\u00e9rea Argentina<\/a> en di\u00e1logo con Cadetes del Instituto quienes les transmitieron sus diferentes experiencias.<\/p>\n<p>Adem\u00e1s, el p\u00fablico visit\u00f3 la Sala de Honor, lugar que es testigo de diversos objetos de gran valor hist\u00f3rico. Entre ellos podemos mencionar, una r\u00e9plica del sable corvo que el General Jos\u00e9 de San Mart\u00edn us\u00f3 en sus a\u00f1os de servicio.<\/p>\n<p>Un atractivo muy importante para la gente y que demostr\u00f3 gran inter\u00e9s fue la Sala Malvinas \u201cCapit\u00e1n D. Omar Jes\u00fas CASTILLO\u201d. All\u00ed, el p\u00fablico pudo apreciar los elementos e historias de los h\u00e9roes ca\u00eddos en el Conflicto del Atl\u00e1ntico Sur.[\/vc_column_text][\/vc_column][\/vc_row][vc_row][vc_column][vc_text_separator title=\u00bbGaler\u00eda de im\u00e1genes\u00bb i_icon_fontawesome=\u00bbfa fa-camera\u00bb i_color=\u00bbcustom\u00bb color=\u00bborange\u00bb border_width=\u00bb2&#8243; add_icon=\u00bbtrue\u00bb i_custom_color=\u00bb#06083d\u00bb][\/vc_column][\/vc_row][vc_row][vc_column][vc_gallery type=\u00bbimage_grid\u00bb images=\u00bb8726,8732,8729,8731,8733,8728,8730,8727&#8243;][\/vc_column][\/vc_row]<\/p>\n","protected":false},"excerpt":{"rendered":"<p>En el marco de la 10\u00aa edici\u00f3n de \u201cLa Noche de los Museos\u201d en la ciudad de C\u00f3rdoba llevada a cabo el pasado viernes 18 de octubre, la Escuela de Aviaci\u00f3n Militar abri\u00f3 sus puertas al p\u00fablico en general desde las 20 hasta las 24hs. <\/p>\n","protected":false},"author":6,"featured_media":8729,"comment_status":"closed","ping_status":"closed","sticky":false,"template":"","format":"standard","meta":{"_joinchat":[],"footnotes":""},"categories":[2995],"tags":[221,2429,121,95,1890,1259,2006],"class_list":["post-8702","post","type-post","status-publish","format-standard","has-post-thumbnail","hentry","category-noticias-2","tag-cadetes","tag-cordoba","tag-cuerpo-cadetes","tag-eam","tag-escuela-de-aviacion-militar","tag-fuerza-aerea-argentina","tag-noche-de-los-museos"],"_links":{"self":[{"href":"http:\/\/www.eam.iua.edu.ar\/eam\/wp-json\/wp\/v2\/posts\/8702","targetHints":{"allow":["GET"]}}],"collection":[{"href":"http:\/\/www.eam.iua.edu.ar\/eam\/wp-json\/wp\/v2\/posts"}],"about":[{"href":"http:\/\/www.eam.iua.edu.ar\/eam\/wp-json\/wp\/v2\/types\/post"}],"author":[{"embeddable":true,"href":"http:\/\/www.eam.iua.edu.ar\/eam\/wp-json\/wp\/v2\/users\/6"}],"replies":[{"embeddable":true,"href":"http:\/\/www.eam.iua.edu.ar\/eam\/wp-json\/wp\/v2\/comments?post=8702"}],"version-history":[{"count":6,"href":"http:\/\/www.eam.iua.edu.ar\/eam\/wp-json\/wp\/v2\/posts\/8702\/revisions"}],"predecessor-version":[{"id":9390,"href":"http:\/\/www.eam.iua.edu.ar\/eam\/wp-json\/wp\/v2\/posts\/8702\/revisions\/9390"}],"wp:featuredmedia":[{"embeddable":true,"href":"http:\/\/www.eam.iua.edu.ar\/eam\/wp-json\/wp\/v2\/media\/8729"}],"wp:attachment":[{"href":"http:\/\/www.eam.iua.edu.ar\/eam\/wp-json\/wp\/v2\/media?parent=8702"}],"wp:term":[{"taxonomy":"category","embeddable":true,"href":"http:\/\/www.eam.iua.edu.ar\/eam\/wp-json\/wp\/v2\/categories?post=8702"},{"taxonomy":"post_tag","embeddable":true,"href":"http:\/\/www.eam.iua.edu.ar\/eam\/wp-json\/wp\/v2\/tags?post=8702"}],"curies":[{"name":"wp","href":"https:\/\/api.w.org\/{rel}","templated":true}]}}