{"id":8705,"date":"2019-10-25T12:46:10","date_gmt":"2019-10-25T15:46:10","guid":{"rendered":"http:\/\/www.eam.iua.edu.ar\/eam\/?p=8705"},"modified":"2020-05-13T19:19:11","modified_gmt":"2020-05-13T22:19:11","slug":"ceremonias-por-las-bodas-de-oro-y-bodas-de-plata-en-la-escuela-de-aviacion-militar","status":"publish","type":"post","link":"http:\/\/www.eam.iua.edu.ar\/eam\/ceremonias-por-las-bodas-de-oro-y-bodas-de-plata-en-la-escuela-de-aviacion-militar\/","title":{"rendered":"Ceremonias por las Bodas de Oro y Bodas de Plata en la Escuela de Aviaci\u00f3n Militar"},"content":{"rendered":"<p>[vc_row][vc_column][vc_column_text el_class=\u00bbpublicaciones\u00bb]Cada a\u00f1o, los integrantes de las promociones egresadas de nuestro Instituto, celebran sus 50 y 25 a\u00f1os de haber ingresado como Cadetes para convertirse en futuros oficiales de la <a href=\"https:\/\/www.argentina.gob.ar\/fuerzaaerea\" target=\"_blank\" rel=\"noopener noreferrer\">Fuerza A\u00e9rea Argentina.<\/a><\/p>\n<p>El 6 de septiembre pasado se celebraron las Bodas de Oro de la Promoci\u00f3n XXXVIII, y el 4 de octubre las Bodas de Plata de la Promoci\u00f3n LXIII. Durante ese d\u00eda, los integrantes de cada una de las promociones y sus familiares fueron recibidos por el Director de la Escuela de Aviaci\u00f3n Militar, Brigadier Walter BRUN y los Jefes del Grupo del Instituto. Luego del saludo protocolar en el Patio Espa\u00f1ol, los invitados y sus familias recorrieron las instalaciones del Cuerpo de Cadetes, Grupo T\u00e9cnico y Grupo A\u00e9reo.<\/p>\n<p>Luego de la recorrida se llev\u00f3 a cabo una ceremonia conmemorativa en la Plaza de Armas. Durante la celebraci\u00f3n, \u00a0se hizo entrega al presidente de cada una de las promociones la declaraci\u00f3n de Hu\u00e9spedes de Honor. Para finalizar, se realiz\u00f3 el descubrimiento de una placa recordatoria de la promoci\u00f3n y la colocaci\u00f3n de una ofrenda floral en memoria del personal fallecido.[\/vc_column_text][\/vc_column][\/vc_row][vc_row][vc_column][vc_text_separator title=\u00bbGaler\u00eda de im\u00e1genes\u00bb i_icon_fontawesome=\u00bbfa fa-camera\u00bb i_color=\u00bbcustom\u00bb color=\u00bborange\u00bb border_width=\u00bb2&#8243; add_icon=\u00bbtrue\u00bb i_custom_color=\u00bb#00164c\u00bb][\/vc_column][\/vc_row][vc_row][vc_column][vc_gallery type=\u00bbimage_grid\u00bb images=\u00bb8711,8718,8717,8713,8714,8710,8715,8712,8716&#8243;][\/vc_column][\/vc_row]<\/p>\n","protected":false},"excerpt":{"rendered":"<p>Cada a\u00f1o, los integrantes de las promociones egresadas de nuestro Instituto, celebran sus 50 y 25 a\u00f1os de haber ingresado como cadetes para convertirse en futuros oficiales de la Fuerza A\u00e9rea Argentina.<\/p>\n","protected":false},"author":6,"featured_media":8714,"comment_status":"closed","ping_status":"closed","sticky":false,"template":"","format":"standard","meta":{"_joinchat":[],"footnotes":""},"categories":[2995],"tags":[1751,1973,122,95,1890,1259,102],"class_list":["post-8705","post","type-post","status-publish","format-standard","has-post-thumbnail","hentry","category-noticias-2","tag-bodas-de-oro","tag-bodas-de-plata","tag-ceremonias","tag-eam","tag-escuela-de-aviacion-militar","tag-fuerza-aerea-argentina","tag-visitas"],"_links":{"self":[{"href":"http:\/\/www.eam.iua.edu.ar\/eam\/wp-json\/wp\/v2\/posts\/8705","targetHints":{"allow":["GET"]}}],"collection":[{"href":"http:\/\/www.eam.iua.edu.ar\/eam\/wp-json\/wp\/v2\/posts"}],"about":[{"href":"http:\/\/www.eam.iua.edu.ar\/eam\/wp-json\/wp\/v2\/types\/post"}],"author":[{"embeddable":true,"href":"http:\/\/www.eam.iua.edu.ar\/eam\/wp-json\/wp\/v2\/users\/6"}],"replies":[{"embeddable":true,"href":"http:\/\/www.eam.iua.edu.ar\/eam\/wp-json\/wp\/v2\/comments?post=8705"}],"version-history":[{"count":6,"href":"http:\/\/www.eam.iua.edu.ar\/eam\/wp-json\/wp\/v2\/posts\/8705\/revisions"}],"predecessor-version":[{"id":9391,"href":"http:\/\/www.eam.iua.edu.ar\/eam\/wp-json\/wp\/v2\/posts\/8705\/revisions\/9391"}],"wp:featuredmedia":[{"embeddable":true,"href":"http:\/\/www.eam.iua.edu.ar\/eam\/wp-json\/wp\/v2\/media\/8714"}],"wp:attachment":[{"href":"http:\/\/www.eam.iua.edu.ar\/eam\/wp-json\/wp\/v2\/media?parent=8705"}],"wp:term":[{"taxonomy":"category","embeddable":true,"href":"http:\/\/www.eam.iua.edu.ar\/eam\/wp-json\/wp\/v2\/categories?post=8705"},{"taxonomy":"post_tag","embeddable":true,"href":"http:\/\/www.eam.iua.edu.ar\/eam\/wp-json\/wp\/v2\/tags?post=8705"}],"curies":[{"name":"wp","href":"https:\/\/api.w.org\/{rel}","templated":true}]}}