{"id":8756,"date":"2019-10-29T13:28:35","date_gmt":"2019-10-29T16:28:35","guid":{"rendered":"http:\/\/www.eam.iua.edu.ar\/eam\/?p=8756"},"modified":"2020-05-13T19:19:07","modified_gmt":"2020-05-13T22:19:07","slug":"supervivencia-en-la-selva-2019","status":"publish","type":"post","link":"http:\/\/www.eam.iua.edu.ar\/eam\/supervivencia-en-la-selva-2019\/","title":{"rendered":"Supervivencia en la Selva 2019"},"content":{"rendered":"<p>[vc_row][vc_column][vc_column_text el_class=\u00bbpublicaciones\u00bb]Sobrevivir en la selva no es sencillo. Este terreno intimida por la extensi\u00f3n de sus muros de vegetaci\u00f3n, esteros, lagunas, pantanos, r\u00edos, alima\u00f1as y reptiles que conviven all\u00ed. Ese fue el desaf\u00edo que debieron sortear los <a href=\"http:\/\/www.eam.iua.edu.ar\/eam\/formacion-de-cadete\/#planestudios\" target=\"_blank\" rel=\"noopener noreferrer\"><strong>Cadetes<\/strong> <\/a>de II A\u00f1o de la <a href=\"http:\/\/www.eam.iua.edu.ar\" target=\"_blank\" rel=\"noopener noreferrer\"><strong>Escuela de Aviaci\u00f3n Militar<\/strong><\/a> (EAM) durante el <a href=\"http:\/\/www.eam.iua.edu.ar\/eam\/cadetes-de-la-eam-se-entrenan-en-la-selva\/\" target=\"_blank\" rel=\"noopener noreferrer\"><strong>Ejercicio Operativo Supervivencia en la Selva<\/strong><\/a> que se concret\u00f3 en la <a href=\"https:\/\/www.parquesnacionales.gob.ar\/areas-protegidas\/reservasnaturalesdeladefensa\/reserva-natural-de-la-defensa-isla-del-tala\/\" target=\"_blank\" rel=\"noopener noreferrer\"><strong>Isla \u201cEl Tala\u201d<\/strong><\/a>, ubicada en la ciudad de Reconquista, al norte de la provincia de Santa F\u00e9.<\/p>\n<p>Vali\u00e9ndose de sus conocimientos, los improvisados supervivientes pusieron en pr\u00e1ctica la nataci\u00f3n de combate y trabajaron con el empleo de balsas tanto las provistas en las aeronaves, como las construidas con elementos que se pueden encontrar en este tipo de entorno.<\/p>\n<p>Al atravesar el monte, se puso de manifiesto lo aprendido en la teor\u00eda sobre el movimiento en este \u00e1mbito, manteniendo la actitud de combate y navegando mediante la utilizaci\u00f3n de cartas del lugar y la br\u00fajula, ya que no existen puntos claros de referencia en ese ambiente. Por otra parte, hicieron se\u00f1alamiento para facilitar las tareas de b\u00fasqueda y rescate, sobre todo con hogueras, que es lo m\u00e1s efectivo en este espacio.<\/p>\n<p>El entrenamiento se logr\u00f3 con el apoyo de Oficiales instructores del Cuerpo de Cadetes y con la colaboraci\u00f3n de personal perteneciente al Centro de Instrucci\u00f3n de Supervivencia y Salvamento (CSyS) de la <a href=\"https:\/\/www.facebook.com\/pages\/III-Brigada-A%C3%A9rea\/1834016693568170?rf=149681535184862\" target=\"_blank\" rel=\"noopener noreferrer\"><strong>III Brigada A\u00e9rea<\/strong><\/a>.<\/p>\n<p>Los Sistemas de Armas (S.Arm.) <a href=\"https:\/\/es.wikipedia.org\/wiki\/FMA_IA-58_Pucar%C3%A1\" target=\"_blank\" rel=\"noopener noreferrer\"><strong>IA-58 Pucar\u00e1<\/strong><\/a> y <a href=\"http:\/\/www.eam.iua.edu.ar\/eam\/creacion-esc-tucano\/\" target=\"_blank\" rel=\"noopener noreferrer\"><strong>EMB-312 Tucano<\/strong><\/a>, procedentes de la misma Unidad A\u00e9rea, efectuaron la simulaci\u00f3n de lanzamiento de suministro, identificaci\u00f3n de marcaciones en el terreno y de ataque, dando el marco necesario a fin de lograr la conciencia situacional del combatiente.[\/vc_column_text][\/vc_column][\/vc_row][vc_row][vc_column][vc_empty_space][vc_text_separator title=\u00bbGaler\u00eda de Im\u00e1genes\u00bb i_icon_fontawesome=\u00bbfa fa-camera\u00bb color=\u00bborange\u00bb add_icon=\u00bbtrue\u00bb el_class=\u00bbpublicaciones\u00bb][\/vc_column][\/vc_row][vc_row][vc_column][vc_empty_space][vc_gallery type=\u00bbimage_grid\u00bb images=\u00bb8764,8765,8759,8760,8761,8766,8762,8763&#8243;][\/vc_column][\/vc_row]<\/p>\n","protected":false},"excerpt":{"rendered":"<p>Sobrevivir en la selva no es sencillo. Este terreno intimida por la extensi\u00f3n de sus muros de vegetaci\u00f3n, esteros, lagunas, pantanos, r\u00edos, alima\u00f1as y reptiles que conviven all\u00ed. Ese fue el desaf\u00edo que debieron sortear los Cadetes de II A\u00f1o de la Escuela de Aviaci\u00f3n Militar (EAM) durante el Ejercicio Operativo Supervivencia en la Selva que se concret\u00f3 en la Isla \u201cEl Tala\u201d, ubicada en la ciudad de Reconquista, al norte de la provincia de Santa F\u00e9. <\/p>\n","protected":false},"author":7,"featured_media":8767,"comment_status":"closed","ping_status":"closed","sticky":false,"template":"","format":"standard","meta":{"_joinchat":[],"footnotes":""},"categories":[2995],"tags":[221,2846,121,95,2359,2848,874,1890,2847,110,2844,118],"class_list":["post-8756","post","type-post","status-publish","format-standard","has-post-thumbnail","hentry","category-noticias-2","tag-cadetes","tag-csys","tag-cuerpo-cadetes","tag-eam","tag-ejercicio-operativo","tag-emb-312-tucano","tag-escuela-de-aviacion","tag-escuela-de-aviacion-militar","tag-ia-58-pucara","tag-instructor-militar","tag-selva","tag-supervivencia"],"_links":{"self":[{"href":"http:\/\/www.eam.iua.edu.ar\/eam\/wp-json\/wp\/v2\/posts\/8756","targetHints":{"allow":["GET"]}}],"collection":[{"href":"http:\/\/www.eam.iua.edu.ar\/eam\/wp-json\/wp\/v2\/posts"}],"about":[{"href":"http:\/\/www.eam.iua.edu.ar\/eam\/wp-json\/wp\/v2\/types\/post"}],"author":[{"embeddable":true,"href":"http:\/\/www.eam.iua.edu.ar\/eam\/wp-json\/wp\/v2\/users\/7"}],"replies":[{"embeddable":true,"href":"http:\/\/www.eam.iua.edu.ar\/eam\/wp-json\/wp\/v2\/comments?post=8756"}],"version-history":[{"count":4,"href":"http:\/\/www.eam.iua.edu.ar\/eam\/wp-json\/wp\/v2\/posts\/8756\/revisions"}],"predecessor-version":[{"id":9388,"href":"http:\/\/www.eam.iua.edu.ar\/eam\/wp-json\/wp\/v2\/posts\/8756\/revisions\/9388"}],"wp:featuredmedia":[{"embeddable":true,"href":"http:\/\/www.eam.iua.edu.ar\/eam\/wp-json\/wp\/v2\/media\/8767"}],"wp:attachment":[{"href":"http:\/\/www.eam.iua.edu.ar\/eam\/wp-json\/wp\/v2\/media?parent=8756"}],"wp:term":[{"taxonomy":"category","embeddable":true,"href":"http:\/\/www.eam.iua.edu.ar\/eam\/wp-json\/wp\/v2\/categories?post=8756"},{"taxonomy":"post_tag","embeddable":true,"href":"http:\/\/www.eam.iua.edu.ar\/eam\/wp-json\/wp\/v2\/tags?post=8756"}],"curies":[{"name":"wp","href":"https:\/\/api.w.org\/{rel}","templated":true}]}}