{"id":8774,"date":"2019-10-30T18:00:30","date_gmt":"2019-10-30T21:00:30","guid":{"rendered":"http:\/\/www.eam.iua.edu.ar\/eam\/?p=8774"},"modified":"2020-05-13T19:19:06","modified_gmt":"2020-05-13T22:19:06","slug":"despedida-de-suboficiales-mayores-y-principales-que-pasaron-a-situacion-de-retiro","status":"publish","type":"post","link":"http:\/\/www.eam.iua.edu.ar\/eam\/despedida-de-suboficiales-mayores-y-principales-que-pasaron-a-situacion-de-retiro\/","title":{"rendered":"Despedida de Suboficiales Mayores y Principales que pasaron a Situaci\u00f3n de Retiro"},"content":{"rendered":"<p>[vc_row][vc_column][vc_column_text el_class=\u00bbpublicaciones\u00bb]El pase a situaci\u00f3n de retiro en un hecho de significativa importancia en la vida del Personal Militar. Dejar un lugar y un espacio en el \u00e1mbito laboral es un momento que debe destacarse y reconocerse.<\/p>\n<p>Es por ello que el pasado 22 de octubre se realiz\u00f3 la Ceremonia de Despedida de los Suboficiales Mayores y Principales que pasaron a situaci\u00f3n de retiro durante el a\u00f1o 2018. Estos Suboficiales prestaron servicios por m\u00e1s de 30 a\u00f1os en las diversas \u00e1reas de la <a href=\"http:\/\/www.eam.iua.edu.ar\/eam\/mision-y-autoridades\/\" target=\"_blank\" rel=\"noopener noreferrer\">Escuela de Aviaci\u00f3n Militar<\/a> y recibieron su distinci\u00f3n por tantos a\u00f1os de dedicaci\u00f3n, vocaci\u00f3n e idoneidad profesional.<\/p>\n<p>La ceremonia estuvo presidida por el Director de la E.A.M. Brigadier D. Walter BRUN, quien estuvo acompa\u00f1ado por el Subdirector del Instituto, el Jefe de la Plana Mayor de la Guarnici\u00f3n A\u00e9rea C\u00f3rdoba, Jefes de Grupo, Personal Militar Superior y Subalterno\u00a0 en actividad y en situaci\u00f3n de retiro, adem\u00e1s de familiares e invitados especiales.<\/p>\n<p>La invocaci\u00f3n religiosa estuvo a cargo del Presb\u00edtero Diego DOTO, quien adem\u00e1s realiz\u00f3 la bendici\u00f3n de las medallas y diplomas que se entregaron al Personal Militar Subalterno. Luego, el Brigadier BRUN pronunci\u00f3 emotivas palabras de agradecimiento y reconocimiento hacia los suboficiales por sus a\u00f1os de trabajo dentro de este Instituto de Formaci\u00f3n.<\/p>\n<p>Al finalizar la ceremonia, se realiz\u00f3 el tradicional desfile del Personal frente al palco de autoridades.[\/vc_column_text][\/vc_column][\/vc_row][vc_row][vc_column][vc_text_separator title=\u00bbGaler\u00eda de im\u00e1genes\u00bb i_icon_fontawesome=\u00bbfa fa-camera\u00bb i_color=\u00bbcustom\u00bb color=\u00bborange\u00bb border_width=\u00bb2&#8243; add_icon=\u00bbtrue\u00bb i_custom_color=\u00bb#002642&#8243;][\/vc_column][\/vc_row][vc_row][vc_column][vc_gallery type=\u00bbimage_grid\u00bb images=\u00bb8777,8782,8778,8779,8780,8781,8783&#8243;][\/vc_column][\/vc_row]<\/p>\n","protected":false},"excerpt":{"rendered":"<p>El pase a situaci\u00f3n de retiro en un hecho de significativa importancia en la vida del Personal Militar. Dejar un lugar y un espacio en el \u00e1mbito laboral es un momento que debe destacarse y reconocerse.<\/p>\n","protected":false},"author":6,"featured_media":8783,"comment_status":"closed","ping_status":"closed","sticky":false,"template":"","format":"standard","meta":{"_joinchat":[],"footnotes":""},"categories":[2995],"tags":[122,2429,1890,660,1259,2852,2851],"class_list":["post-8774","post","type-post","status-publish","format-standard","has-post-thumbnail","hentry","category-noticias-2","tag-ceremonias","tag-cordoba","tag-escuela-de-aviacion-militar","tag-faa","tag-fuerza-aerea-argentina","tag-situacion-de-retiro","tag-suboficiales"],"_links":{"self":[{"href":"http:\/\/www.eam.iua.edu.ar\/eam\/wp-json\/wp\/v2\/posts\/8774","targetHints":{"allow":["GET"]}}],"collection":[{"href":"http:\/\/www.eam.iua.edu.ar\/eam\/wp-json\/wp\/v2\/posts"}],"about":[{"href":"http:\/\/www.eam.iua.edu.ar\/eam\/wp-json\/wp\/v2\/types\/post"}],"author":[{"embeddable":true,"href":"http:\/\/www.eam.iua.edu.ar\/eam\/wp-json\/wp\/v2\/users\/6"}],"replies":[{"embeddable":true,"href":"http:\/\/www.eam.iua.edu.ar\/eam\/wp-json\/wp\/v2\/comments?post=8774"}],"version-history":[{"count":6,"href":"http:\/\/www.eam.iua.edu.ar\/eam\/wp-json\/wp\/v2\/posts\/8774\/revisions"}],"predecessor-version":[{"id":9387,"href":"http:\/\/www.eam.iua.edu.ar\/eam\/wp-json\/wp\/v2\/posts\/8774\/revisions\/9387"}],"wp:featuredmedia":[{"embeddable":true,"href":"http:\/\/www.eam.iua.edu.ar\/eam\/wp-json\/wp\/v2\/media\/8783"}],"wp:attachment":[{"href":"http:\/\/www.eam.iua.edu.ar\/eam\/wp-json\/wp\/v2\/media?parent=8774"}],"wp:term":[{"taxonomy":"category","embeddable":true,"href":"http:\/\/www.eam.iua.edu.ar\/eam\/wp-json\/wp\/v2\/categories?post=8774"},{"taxonomy":"post_tag","embeddable":true,"href":"http:\/\/www.eam.iua.edu.ar\/eam\/wp-json\/wp\/v2\/tags?post=8774"}],"curies":[{"name":"wp","href":"https:\/\/api.w.org\/{rel}","templated":true}]}}