{"id":8883,"date":"2019-11-25T17:04:00","date_gmt":"2019-11-25T20:04:00","guid":{"rendered":"http:\/\/www.eam.iua.edu.ar\/eam\/?p=8883"},"modified":"2020-05-13T19:18:58","modified_gmt":"2020-05-13T22:18:58","slug":"entrega-de-placa-y-cuadro-conmemorativo-del-teniente-pm-d-alfredo-vazquez-a-la-e-a-m","status":"publish","type":"post","link":"http:\/\/www.eam.iua.edu.ar\/eam\/entrega-de-placa-y-cuadro-conmemorativo-del-teniente-pm-d-alfredo-vazquez-a-la-e-a-m\/","title":{"rendered":"Entrega de placa y cuadro conmemorativo del Teniente (PM) D. Alfredo V\u00c1ZQUEZ a la E.A.M."},"content":{"rendered":"<p>[vc_row][vc_column][vc_column_text el_class=\u00bbpublicaciones\u00bb]El viernes 22 de noviembre del corriente se llev\u00f3 a cabo en el Casino de Cadetes de la <a href=\"http:\/\/www.eam.iua.edu.ar\/eam\/mision-y-autoridades\/\" target=\"_blank\" rel=\"noopener noreferrer\">Escuela de Aviaci\u00f3n Militar<\/a>, una emotiva ceremonia con motivo de la entrega de un cuadro y placa en conmemoraci\u00f3n del Teniente (PM) D. Alfredo Jorge Alberto V\u00c1ZQUEZ .<\/p>\n<p>El evento fue presidido por el Director de la Escuela de Aviaci\u00f3n Militar, Brigadier D. Walter Humberto BRUN, acompa\u00f1ado de los Jefes de Grupo, Personal Militar Superior y Subalterno, integrantes de la Promoci\u00f3n XLV y familiares.<\/p>\n<p>El Brigadier BRUN junto a integrantes de la Promoci\u00f3n XLV realizaron el descubrimiento de un cuadro conmemorativo del Teniente (PM) Alfredo V\u00c1ZQUEZ, el cual quedar\u00e1 en exposici\u00f3n en la Sala <a href=\"http:\/\/www.eam.iua.edu.ar\/eam\/guerra-de-malvinas\/\" target=\"_blank\" rel=\"noopener noreferrer\">Malvinas<\/a> del Instituto.<\/p>\n<p>Posteriormente, Oficiales peruanos de la Promoci\u00f3n XLV hicieron entrega de una placa recordatoria al Jefe del Cuerpo de Cadetes, Comodoro D. Patricio PELOURS\u00d3N en homenaje a la Escuela de Aviaci\u00f3n Militar por su paso por este Instituto.<\/p>\n<p>A continuaci\u00f3n, el Capit\u00e1n (R) \u201cVGM\u201d D. Marcelo MORONI pronunci\u00f3 emotivas palabras: \u201cAlfredo V\u00c1ZQUEZ fue una gran persona y gran compa\u00f1ero de promoci\u00f3n. Nos dej\u00f3 una gran ense\u00f1anza para todos, fue un ejemplo de mucho valor y\u00a0 coraje en la Guerra de Malvinas\u201d.<\/p>\n<p>Luego, el Padre Osvaldo MACAYA, integrante de la Promoci\u00f3n XLV, realiz\u00f3 la bendici\u00f3n del cuadro conmemorativo y se ejecut\u00f3 un toque de silencio en memoria del Ten. (PM) V\u00c1ZQUEZ y de todo el personal fallecido de la Promoci\u00f3n.<\/p>\n<p>Al finalizar la ceremonia, el personal de la Promoci\u00f3n XLV visit\u00f3 las instalaciones del Cuerpo de Cadetes y del Escuadr\u00f3n Estudios.[\/vc_column_text][\/vc_column][\/vc_row][vc_row][vc_column][vc_text_separator title=\u00bbGaler\u00eda de im\u00e1genes\u00bb i_icon_fontawesome=\u00bbfa fa-camera\u00bb i_color=\u00bbcustom\u00bb color=\u00bborange\u00bb border_width=\u00bb2&#8243; add_icon=\u00bbtrue\u00bb i_custom_color=\u00bb#114f77&#8243;][\/vc_column][\/vc_row][vc_row][vc_column][vc_gallery type=\u00bbimage_grid\u00bb images=\u00bb8912,8914,8913,8915,8916&#8243;][\/vc_column][\/vc_row]<\/p>\n","protected":false},"excerpt":{"rendered":"<p>El viernes 22 de noviembre del corriente se llev\u00f3 a cabo en el Casino de Cadetes de la Escuela de Aviaci\u00f3n Militar, una emotiva ceremonia con motivo de la entrega de un cuadro y placa en conmemoraci\u00f3n del Teniente (PM) D. Alfredo Jorge Alberto V\u00c1ZQUEZ .<\/p>\n","protected":false},"author":6,"featured_media":8914,"comment_status":"closed","ping_status":"closed","sticky":false,"template":"","format":"standard","meta":{"_joinchat":[],"footnotes":""},"categories":[2995],"tags":[122,121,1890,1259,68,2901,1235],"class_list":["post-8883","post","type-post","status-publish","format-standard","has-post-thumbnail","hentry","category-noticias-2","tag-ceremonias","tag-cuerpo-cadetes","tag-escuela-de-aviacion-militar","tag-fuerza-aerea-argentina","tag-malvinas","tag-teniente-pm-vazquez","tag-vgm"],"_links":{"self":[{"href":"http:\/\/www.eam.iua.edu.ar\/eam\/wp-json\/wp\/v2\/posts\/8883","targetHints":{"allow":["GET"]}}],"collection":[{"href":"http:\/\/www.eam.iua.edu.ar\/eam\/wp-json\/wp\/v2\/posts"}],"about":[{"href":"http:\/\/www.eam.iua.edu.ar\/eam\/wp-json\/wp\/v2\/types\/post"}],"author":[{"embeddable":true,"href":"http:\/\/www.eam.iua.edu.ar\/eam\/wp-json\/wp\/v2\/users\/6"}],"replies":[{"embeddable":true,"href":"http:\/\/www.eam.iua.edu.ar\/eam\/wp-json\/wp\/v2\/comments?post=8883"}],"version-history":[{"count":6,"href":"http:\/\/www.eam.iua.edu.ar\/eam\/wp-json\/wp\/v2\/posts\/8883\/revisions"}],"predecessor-version":[{"id":9381,"href":"http:\/\/www.eam.iua.edu.ar\/eam\/wp-json\/wp\/v2\/posts\/8883\/revisions\/9381"}],"wp:featuredmedia":[{"embeddable":true,"href":"http:\/\/www.eam.iua.edu.ar\/eam\/wp-json\/wp\/v2\/media\/8914"}],"wp:attachment":[{"href":"http:\/\/www.eam.iua.edu.ar\/eam\/wp-json\/wp\/v2\/media?parent=8883"}],"wp:term":[{"taxonomy":"category","embeddable":true,"href":"http:\/\/www.eam.iua.edu.ar\/eam\/wp-json\/wp\/v2\/categories?post=8883"},{"taxonomy":"post_tag","embeddable":true,"href":"http:\/\/www.eam.iua.edu.ar\/eam\/wp-json\/wp\/v2\/tags?post=8883"}],"curies":[{"name":"wp","href":"https:\/\/api.w.org\/{rel}","templated":true}]}}