{"id":9002,"date":"2019-12-02T18:36:48","date_gmt":"2019-12-02T21:36:48","guid":{"rendered":"http:\/\/www.eam.iua.edu.ar\/eam\/?p=9002"},"modified":"2020-05-13T19:18:56","modified_gmt":"2020-05-13T22:18:56","slug":"ceremonia-despedida-de-suboficiales-mayores-que-pasan-a-situacion-de-retiro","status":"publish","type":"post","link":"http:\/\/www.eam.iua.edu.ar\/eam\/ceremonia-despedida-de-suboficiales-mayores-que-pasan-a-situacion-de-retiro\/","title":{"rendered":"Ceremonia Despedida de Suboficiales Mayores que pasan a situaci\u00f3n de retiro"},"content":{"rendered":"<p>[vc_row][vc_column][vc_column_text el_class=\u00bbpublicaciones\u00bb]El pasado martes 26 de noviembre se realiz\u00f3 en el Casino de Suboficiales de la <a href=\"http:\/\/www.eam.iua.edu.ar\/eam\/mision-y-autoridades\/\" target=\"_blank\" rel=\"noopener noreferrer\">Escuela de Aviaci\u00f3n Militar<\/a> la ceremonia de despedida a Suboficiales Mayores que pasan a situaci\u00f3n\u00a0 de retiro\u00a0a partir del 01 de enero de 2020.<\/p>\n<p>El evento fue presidido por el Director de la E.A.M., Brigadier D. Walter Humberto BRUN, acompa\u00f1ado de los Jefes de Grupo, Personal Militar Superior y Subalterno, Personal Civil y familiares.<\/p>\n<p>Las palabras alusivas estuvieron a cargo del Suboficial Mayor Andr\u00e9s Adri\u00e1n LUCERO ERCA:<\/p>\n<blockquote><p>Hoy nos encontramos finalizando nuestras carreras, ac\u00e1, en la Escuela de Aviaci\u00f3n Militar y les puedo asegurar que nuestros pasos y ense\u00f1anzas, seguir\u00e1n retumbando silenciosamente en alg\u00fan rinc\u00f3n de este Instituto&#8230;Esto no es un adi\u00f3s, esto es solo un hasta siempre porque de lo que nos estamos despidiendo es de la situaci\u00f3n de actividad para pasar a situaci\u00f3n de retiro seg\u00fan enmarca la Ley 19.101.<\/p><\/blockquote>\n<p>Posteriormente, se realiz\u00f3 la entrega de presentes recordatorios a los Suboficiales Mayores en agradecimiento por tantos a\u00f1os de dedicaci\u00f3n, vocaci\u00f3n e idoneidad profesional.<\/p>\n<p>En el cierre de la ceremonia, las autoridades presentes saludaron\u00a0 a los Suboficiales Mayores.[\/vc_column_text][\/vc_column][\/vc_row][vc_row][vc_column][vc_text_separator title=\u00bbGaler\u00eda de im\u00e1genes\u00bb i_icon_fontawesome=\u00bbfa fa-camera\u00bb i_color=\u00bbcustom\u00bb color=\u00bborange\u00bb border_width=\u00bb2&#8243; add_icon=\u00bbtrue\u00bb i_custom_color=\u00bb#013a60&#8243;][\/vc_column][\/vc_row][vc_row][vc_column][vc_gallery type=\u00bbimage_grid\u00bb images=\u00bb9024,9025,9026,9027,9028&#8243;][\/vc_column][\/vc_row]<\/p>\n","protected":false},"excerpt":{"rendered":"<p>El pasado martes 26 de noviembre se realiz\u00f3 en el Casino de Suboficiales de la Escuela de Aviaci\u00f3n Militar la ceremonia de despedida a Suboficiales Mayores de este Instituto que pasan a situaci\u00f3n  de retiro a partir del 01 de enero de 2020.<\/p>\n","protected":false},"author":6,"featured_media":9028,"comment_status":"closed","ping_status":"closed","sticky":false,"template":"","format":"standard","meta":{"_joinchat":[],"footnotes":""},"categories":[2995],"tags":[98,122,2429,95,1890,1259,2851,2927],"class_list":["post-9002","post","type-post","status-publish","format-standard","has-post-thumbnail","hentry","category-noticias-2","tag-actos","tag-ceremonias","tag-cordoba","tag-eam","tag-escuela-de-aviacion-militar","tag-fuerza-aerea-argentina","tag-suboficiales","tag-suboficiales-mayores"],"_links":{"self":[{"href":"http:\/\/www.eam.iua.edu.ar\/eam\/wp-json\/wp\/v2\/posts\/9002","targetHints":{"allow":["GET"]}}],"collection":[{"href":"http:\/\/www.eam.iua.edu.ar\/eam\/wp-json\/wp\/v2\/posts"}],"about":[{"href":"http:\/\/www.eam.iua.edu.ar\/eam\/wp-json\/wp\/v2\/types\/post"}],"author":[{"embeddable":true,"href":"http:\/\/www.eam.iua.edu.ar\/eam\/wp-json\/wp\/v2\/users\/6"}],"replies":[{"embeddable":true,"href":"http:\/\/www.eam.iua.edu.ar\/eam\/wp-json\/wp\/v2\/comments?post=9002"}],"version-history":[{"count":6,"href":"http:\/\/www.eam.iua.edu.ar\/eam\/wp-json\/wp\/v2\/posts\/9002\/revisions"}],"predecessor-version":[{"id":9202,"href":"http:\/\/www.eam.iua.edu.ar\/eam\/wp-json\/wp\/v2\/posts\/9002\/revisions\/9202"}],"wp:featuredmedia":[{"embeddable":true,"href":"http:\/\/www.eam.iua.edu.ar\/eam\/wp-json\/wp\/v2\/media\/9028"}],"wp:attachment":[{"href":"http:\/\/www.eam.iua.edu.ar\/eam\/wp-json\/wp\/v2\/media?parent=9002"}],"wp:term":[{"taxonomy":"category","embeddable":true,"href":"http:\/\/www.eam.iua.edu.ar\/eam\/wp-json\/wp\/v2\/categories?post=9002"},{"taxonomy":"post_tag","embeddable":true,"href":"http:\/\/www.eam.iua.edu.ar\/eam\/wp-json\/wp\/v2\/tags?post=9002"}],"curies":[{"name":"wp","href":"https:\/\/api.w.org\/{rel}","templated":true}]}}