{"id":9083,"date":"2019-12-11T11:59:14","date_gmt":"2019-12-11T14:59:14","guid":{"rendered":"http:\/\/www.eam.iua.edu.ar\/eam\/?p=9083"},"modified":"2020-05-13T19:18:53","modified_gmt":"2020-05-13T22:18:53","slug":"ceremonia-de-egreso-administracion-financiera-cosant-iv","status":"publish","type":"post","link":"http:\/\/www.eam.iua.edu.ar\/eam\/ceremonia-de-egreso-administracion-financiera-cosant-iv\/","title":{"rendered":"Ceremonia de egreso Administraci\u00f3n Financiera \u2013 COSANT IV"},"content":{"rendered":"<p>[vc_row][vc_column][vc_column_text el_class=\u00bbpublicaciones\u00bb]La <a href=\"http:\/\/www.eam.iua.edu.ar\/eam\/mision-y-autoridades\/\" target=\"_blank\" rel=\"noopener noreferrer\">Escuela de Aviaci\u00f3n Militar<\/a> celebr\u00f3 el egreso de dos especialidades primarias en la ma\u00f1ana del lunes 09 de diciembre.<\/p>\n<p>Fueron protagonistas los Oficiales que adquirieron la especialidad Administraci\u00f3n Financiera y del Curso de Operador de Sistemas A\u00e9reos No Tripulados (COSANT 4), incorporando as\u00ed nuevos Operadores a la <a href=\"https:\/\/www.argentina.gob.ar\/fuerzaaerea\" target=\"_blank\" rel=\"noopener noreferrer\">Fuerza A\u00e9rea<\/a>.<\/p>\n<p>El acto fue presidido por el Subdirector General de Educaci\u00f3n, Brigadier D. Jos\u00e9 Mar\u00eda ACTIS, acompa\u00f1ado por Directores Generales, el Director del\u00a0 Instituto,\u00a0 Jefes de Grupo, representantes de las Fuerzas Armadas y de Seguridad, Personal Militar Superior, Subalterno y Civil, adem\u00e1s de los familiares del personal que egres\u00f3.<\/p>\n<p><span style=\"font-weight: 400\">La ceremonia se desarroll\u00f3 entregando los despachos y premios a los flamantes oficiales y el Director de la Escuela de Aviaci\u00f3n Militar, Brigadier D. Walter Humberto BRUN, fue el encargado del discurso felicitando a los egresados por el esfuerzo puesto de manifiesto en el logro de tan ansiado objetivo.<\/span><\/p>\n<p>Luego del discurso del Brigadier BRUN, el Capell\u00e1n castrense Pablo VILCA, realiz\u00f3 la invocaci\u00f3n religiosa y bendijo los diplomas de los egresados.<\/p>\n<p>Como cierre de la emotiva ceremonia, las autoridades saludaron al personal que egres\u00f3.[\/vc_column_text][\/vc_column][\/vc_row][vc_row][vc_column][vc_text_separator title=\u00bbGaler\u00eda de im\u00e1genes\u00bb i_icon_fontawesome=\u00bbfa fa-camera\u00bb i_color=\u00bbcustom\u00bb color=\u00bborange\u00bb border_width=\u00bb2&#8243; add_icon=\u00bbtrue\u00bb i_custom_color=\u00bb#146193&#8243;][\/vc_column][\/vc_row][vc_row][vc_column][vc_gallery type=\u00bbimage_grid\u00bb images=\u00bb9091,9097,9095,9094,9093&#8243;][\/vc_column][\/vc_row]<\/p>\n","protected":false},"excerpt":{"rendered":"<p>La Escuela de Aviaci\u00f3n Militar celebr\u00f3 el egreso de dos especialidades primarias en la ma\u00f1ana del lunes 09 de diciembre.<\/p>\n","protected":false},"author":6,"featured_media":9097,"comment_status":"closed","ping_status":"closed","sticky":false,"template":"","format":"standard","meta":{"_joinchat":[],"footnotes":""},"categories":[2995],"tags":[2126,95,1890,2787,1420],"class_list":["post-9083","post","type-post","status-publish","format-standard","has-post-thumbnail","hentry","category-noticias-2","tag-cosant","tag-eam","tag-escuela-de-aviacion-militar","tag-especialidad-administracion-financiera","tag-grupo-aereo-escuela"],"_links":{"self":[{"href":"http:\/\/www.eam.iua.edu.ar\/eam\/wp-json\/wp\/v2\/posts\/9083","targetHints":{"allow":["GET"]}}],"collection":[{"href":"http:\/\/www.eam.iua.edu.ar\/eam\/wp-json\/wp\/v2\/posts"}],"about":[{"href":"http:\/\/www.eam.iua.edu.ar\/eam\/wp-json\/wp\/v2\/types\/post"}],"author":[{"embeddable":true,"href":"http:\/\/www.eam.iua.edu.ar\/eam\/wp-json\/wp\/v2\/users\/6"}],"replies":[{"embeddable":true,"href":"http:\/\/www.eam.iua.edu.ar\/eam\/wp-json\/wp\/v2\/comments?post=9083"}],"version-history":[{"count":12,"href":"http:\/\/www.eam.iua.edu.ar\/eam\/wp-json\/wp\/v2\/posts\/9083\/revisions"}],"predecessor-version":[{"id":9377,"href":"http:\/\/www.eam.iua.edu.ar\/eam\/wp-json\/wp\/v2\/posts\/9083\/revisions\/9377"}],"wp:featuredmedia":[{"embeddable":true,"href":"http:\/\/www.eam.iua.edu.ar\/eam\/wp-json\/wp\/v2\/media\/9097"}],"wp:attachment":[{"href":"http:\/\/www.eam.iua.edu.ar\/eam\/wp-json\/wp\/v2\/media?parent=9083"}],"wp:term":[{"taxonomy":"category","embeddable":true,"href":"http:\/\/www.eam.iua.edu.ar\/eam\/wp-json\/wp\/v2\/categories?post=9083"},{"taxonomy":"post_tag","embeddable":true,"href":"http:\/\/www.eam.iua.edu.ar\/eam\/wp-json\/wp\/v2\/tags?post=9083"}],"curies":[{"name":"wp","href":"https:\/\/api.w.org\/{rel}","templated":true}]}}