{"id":9231,"date":"1982-04-02T12:54:00","date_gmt":"1982-04-02T15:54:00","guid":{"rendered":"http:\/\/www.eam.iua.edu.ar\/eam\/?p=9231"},"modified":"2020-02-05T13:02:58","modified_gmt":"2020-02-05T16:02:58","slug":"02-de-abril","status":"publish","type":"post","link":"http:\/\/www.eam.iua.edu.ar\/eam\/02-de-abril\/","title":{"rendered":"02 de Abril"},"content":{"rendered":"<p>[vc_row][vc_column][vc_column_text]\u2026 a 30 a\u00f1os de Malvinas..<\/p>\r\n<p>[\/vc_column_text][\/vc_column][\/vc_row][vc_row][vc_column][vc_column_text]<\/p>\r\n<p>\u00abA vosotros, j\u00f3venes argentinos, compa\u00f1eros pilotos de combate, quisiera deciros toda mi admiraci\u00f3n&#8230; &#8230;Vuestro valor nos ha deslumbrado y no s\u00f3lo el pueblo argentino debe olvidaros nunca, sino somos muchos los que en el mundo estamos orgullosos de que se\u00e1is nuestros hermanos pilotos\u00bb<\/p>\r\n<p>A los padres y a las madres, a los hermanos y a las hermanas, a las esposas y a los hijos de los pilotos argentinos que fueron a la muerte con el coraje m\u00e1s fant\u00e1stico y m\u00e1s asombroso, les digo que ellos honraron a la Argentina y al mundo latino&#8230;\u00bb<\/p>\r\n<p>Carta del se\u00f1or Pierce Clostermann, autor del libro \u00abEl Gran Circo\u00bb y uno de los m\u00e1s grandes pilotos de combate del mundo, a los aviadores argentinos (Pr\u00f3logo del libro \u00abDios y los Halcones\u00bb, del Comodoro (R) Pablo Marcos Rafael Carballo.<\/p>\r\n<p>[\/vc_column_text]<a href=\"http:\/\/www.eam.iua.edu.ar\/eam\/guerra-de-malvinas\/\" class=\"sc_button sc_button_square sc_button_style_filled sc_button_bg_link sc_button_size_small\">Volver<\/a>[\/vc_column][\/vc_row]<\/p>","protected":false},"excerpt":{"rendered":"<p>[vc_row][vc_column][vc_column_text]\u2026 a 30 a\u00f1os de Malvinas.. [\/vc_column_text][\/vc_column][\/vc_row][vc_row][vc_column][vc_column_text] \u00abA vosotros, j\u00f3venes argentinos, compa\u00f1eros pilotos de combate, quisiera deciros toda mi admiraci\u00f3n&#8230; &#8230;Vuestro valor nos ha deslumbrado y no s\u00f3lo el pueblo argentino debe olvidaros nunca, sino somos muchos los que en el mundo estamos orgullosos de que se\u00e1is nuestros hermanos pilotos\u00bb A los padres y a [&hellip;]<\/p>\n","protected":false},"author":1,"featured_media":1456,"comment_status":"closed","ping_status":"closed","sticky":false,"template":"","format":"standard","meta":{"_joinchat":[],"footnotes":""},"categories":[2989],"tags":[],"class_list":["post-9231","post","type-post","status-publish","format-standard","has-post-thumbnail","hentry","category-efemerides"],"_links":{"self":[{"href":"http:\/\/www.eam.iua.edu.ar\/eam\/wp-json\/wp\/v2\/posts\/9231","targetHints":{"allow":["GET"]}}],"collection":[{"href":"http:\/\/www.eam.iua.edu.ar\/eam\/wp-json\/wp\/v2\/posts"}],"about":[{"href":"http:\/\/www.eam.iua.edu.ar\/eam\/wp-json\/wp\/v2\/types\/post"}],"author":[{"embeddable":true,"href":"http:\/\/www.eam.iua.edu.ar\/eam\/wp-json\/wp\/v2\/users\/1"}],"replies":[{"embeddable":true,"href":"http:\/\/www.eam.iua.edu.ar\/eam\/wp-json\/wp\/v2\/comments?post=9231"}],"version-history":[{"count":4,"href":"http:\/\/www.eam.iua.edu.ar\/eam\/wp-json\/wp\/v2\/posts\/9231\/revisions"}],"predecessor-version":[{"id":9235,"href":"http:\/\/www.eam.iua.edu.ar\/eam\/wp-json\/wp\/v2\/posts\/9231\/revisions\/9235"}],"wp:featuredmedia":[{"embeddable":true,"href":"http:\/\/www.eam.iua.edu.ar\/eam\/wp-json\/wp\/v2\/media\/1456"}],"wp:attachment":[{"href":"http:\/\/www.eam.iua.edu.ar\/eam\/wp-json\/wp\/v2\/media?parent=9231"}],"wp:term":[{"taxonomy":"category","embeddable":true,"href":"http:\/\/www.eam.iua.edu.ar\/eam\/wp-json\/wp\/v2\/categories?post=9231"},{"taxonomy":"post_tag","embeddable":true,"href":"http:\/\/www.eam.iua.edu.ar\/eam\/wp-json\/wp\/v2\/tags?post=9231"}],"curies":[{"name":"wp","href":"https:\/\/api.w.org\/{rel}","templated":true}]}}