{"id":9299,"date":"2020-03-30T08:20:34","date_gmt":"2020-03-30T11:20:34","guid":{"rendered":"http:\/\/www.eam.iua.edu.ar\/eam\/?p=9299"},"modified":"2020-05-13T19:18:52","modified_gmt":"2020-05-13T22:18:52","slug":"inauguracion-del-primer-lactario-en-la-escuela-de-aviacion-militar","status":"publish","type":"post","link":"http:\/\/www.eam.iua.edu.ar\/eam\/inauguracion-del-primer-lactario-en-la-escuela-de-aviacion-militar\/","title":{"rendered":"Inauguraci\u00f3n del Primer Lactario en la Escuela de Aviaci\u00f3n Militar"},"content":{"rendered":"<p>[vc_row][vc_column][vc_column_text el_class=\u00bbpublicaciones\u00bb]<span style=\"font-weight: 400\">En el marco de la conmemoraci\u00f3n por el \u201cD\u00eda Internacional de la Mujer\u201d, el lunes 9 de marzo se realiz\u00f3 en el Casino de Suboficiales de la <a href=\"http:\/\/www.eam.iua.edu.ar\/eam\/mision-y-autoridades\/\" target=\"_blank\" rel=\"noopener noreferrer\">Escuela de Aviaci\u00f3n Militar<\/a>, la inauguraci\u00f3n de un Lactario dentro del Instituto, el primero de estas caracter\u00edsticas dentro de la Guarnici\u00f3n A\u00e9rea C\u00f3rdoba.<\/span><\/p>\n<p><span style=\"font-weight: 400\">El evento fue presidido por el Director de la E.A.M., Brigadier D. Walter BRUN, acompa\u00f1ado por el Subdirector, Jefes de Grupo, Personal Militar Superior y Subalterno, Personal Civil y Cadetes.<\/span><\/p>\n<p><span style=\"font-weight: 400\">Participaron del emotivo acto, personal femenino de las diferentes dependencias de la Escuela de Aviaci\u00f3n Militar quienes adem\u00e1s disfrutaron de un colorido repertorio de la <a href=\"http:\/\/www.eam.iua.edu.ar\/eam\/banda-de-musica\/\" target=\"_blank\" rel=\"noopener noreferrer\">Banda Militar de M\u00fasica \u201cBautismo de Fuego\u201d<\/a>.\u00a0<\/span><\/p>\n<p><span style=\"font-weight: 400\">El Lactario es el primero de la Guarnici\u00f3n A\u00e9rea C\u00f3rdoba y fue creado con el objetivo de que el personal femenino del Instituto y de la Guarnici\u00f3n tengan un lugar exclusivo para la lactancia materna. La Sala est\u00e1 ubicada en el hall central de la planta alta del Pabell\u00f3n \u201cC\u201d del Casino de Suboficiales y su uso es exclusivo, brindando privacidad y comodidad, tanto para la alimentaci\u00f3n de los beb\u00e9s como para la extracci\u00f3n y conservaci\u00f3n de la leche materna durante el horario laboral.<\/span><\/p>\n<p><span style=\"font-weight: 400\">Por \u00faltimo, es importante destacar al Jefe del Departamento Personal de la E.A.M., Vicecomodoro D. Juan Pablo BELLANDO y a la Suboficial Auxiliar Romina Evelin ROJAS, quienes fueron los mentores y llevaron a cabo esta noble iniciativa de establecer el primer Lactario de la Guarnici\u00f3n A\u00e9rea C\u00f3rdoba en el Instituto.<\/span>[\/vc_column_text][\/vc_column][\/vc_row][vc_row][vc_column][vc_text_separator title=\u00bbGaler\u00eda de im\u00e1genes\u00bb i_icon_fontawesome=\u00bbfa fa-camera\u00bb i_color=\u00bbcustom\u00bb color=\u00bborange\u00bb border_width=\u00bb2&#8243; add_icon=\u00bbtrue\u00bb i_custom_color=\u00bb#070b47&#8243;][\/vc_column][\/vc_row][vc_row][vc_column][vc_gallery type=\u00bbimage_grid\u00bb images=\u00bb9313,9314,9315,9316,9321,9317,9318,9319,9320&#8243;][\/vc_column][\/vc_row]<\/p>\n","protected":false},"excerpt":{"rendered":"<p>En el marco de la conmemoraci\u00f3n por el \u201cD\u00eda Internacional de la Mujer\u201d, el lunes 9 de marzo se realiz\u00f3 en el Casino de Suboficiales de la Escuela de Aviaci\u00f3n Militar, la inauguraci\u00f3n de un Lactario dentro del Instituto, el primero de estas caracter\u00edsticas dentro de la Guarnici\u00f3n A\u00e9rea C\u00f3rdoba.<\/p>\n","protected":false},"author":6,"featured_media":9313,"comment_status":"closed","ping_status":"closed","sticky":false,"template":"","format":"standard","meta":{"_joinchat":[],"footnotes":""},"categories":[2995],"tags":[2991,1890,660,1259,2992],"class_list":["post-9299","post","type-post","status-publish","format-standard","has-post-thumbnail","hentry","category-noticias-2","tag-dia-de-la-mujer","tag-escuela-de-aviacion-militar","tag-faa","tag-fuerza-aerea-argentina","tag-lactario-e-a-m"],"_links":{"self":[{"href":"http:\/\/www.eam.iua.edu.ar\/eam\/wp-json\/wp\/v2\/posts\/9299","targetHints":{"allow":["GET"]}}],"collection":[{"href":"http:\/\/www.eam.iua.edu.ar\/eam\/wp-json\/wp\/v2\/posts"}],"about":[{"href":"http:\/\/www.eam.iua.edu.ar\/eam\/wp-json\/wp\/v2\/types\/post"}],"author":[{"embeddable":true,"href":"http:\/\/www.eam.iua.edu.ar\/eam\/wp-json\/wp\/v2\/users\/6"}],"replies":[{"embeddable":true,"href":"http:\/\/www.eam.iua.edu.ar\/eam\/wp-json\/wp\/v2\/comments?post=9299"}],"version-history":[{"count":6,"href":"http:\/\/www.eam.iua.edu.ar\/eam\/wp-json\/wp\/v2\/posts\/9299\/revisions"}],"predecessor-version":[{"id":9323,"href":"http:\/\/www.eam.iua.edu.ar\/eam\/wp-json\/wp\/v2\/posts\/9299\/revisions\/9323"}],"wp:featuredmedia":[{"embeddable":true,"href":"http:\/\/www.eam.iua.edu.ar\/eam\/wp-json\/wp\/v2\/media\/9313"}],"wp:attachment":[{"href":"http:\/\/www.eam.iua.edu.ar\/eam\/wp-json\/wp\/v2\/media?parent=9299"}],"wp:term":[{"taxonomy":"category","embeddable":true,"href":"http:\/\/www.eam.iua.edu.ar\/eam\/wp-json\/wp\/v2\/categories?post=9299"},{"taxonomy":"post_tag","embeddable":true,"href":"http:\/\/www.eam.iua.edu.ar\/eam\/wp-json\/wp\/v2\/tags?post=9299"}],"curies":[{"name":"wp","href":"https:\/\/api.w.org\/{rel}","templated":true}]}}